{"id":1389,"date":"2022-07-31T16:55:25","date_gmt":"2022-07-31T16:55:25","guid":{"rendered":"https:\/\/nachoescartin.es\/?p=1389"},"modified":"2022-07-31T16:55:25","modified_gmt":"2022-07-31T16:55:25","slug":"hechos-de-tinta-de-carlos-g-esteban","status":"publish","type":"post","link":"https:\/\/nachoescartin.es\/an\/hechos-de-tinta-de-carlos-g-esteban\/","title":{"rendered":"\u201cHechos de tinta\u201d de Carlos G. Esteban"},"content":{"rendered":"<p style=\"text-align: justify;\">En esta novela coral, cuatro protagonistas cuentan en primera persona sus vivencias entorno a la literatura, la ambici\u00f3n, los \u00e9xitos comerciales, las traiciones, la dinamizaci\u00f3n cultural, la fama y los amor\u00edos. Me ha gustado mucho c\u00f3mo ha planteado Carlos la narrativa, que facilita una lectura \u00e1gil y amena, a trav\u00e9s de las voces de sus protagonistas. As\u00ed, nos adentramos en ese furor hacia la literatura de escaparate, y tambi\u00e9n a las frustraciones propias del ostracismo de un mercado comercial muy limitado.<\/p>\n<p style=\"text-align: justify;\">\u201cLo importante al usar la tinta no es lo que escribas sino la intenci\u00f3n con la que lo haces (\u2026) Es un proceso que requiere un aprendizaje\u201d. El oficio del escritor necesita una rutina, pero sobre todo una pasi\u00f3n, una pulsi\u00f3n que te empuja a buscar las palabras para contar las historias que quieres compartir. \u201cCon unas capacidades medias y un aprendizaje t\u00e9cnico b\u00e1sico se pueden escribir historias m\u00e1s que dignas (\u2026) Todo se aprende a fuerza de practicar\u201d. Y, as\u00ed, \u201ccambiamos (..) nuestro mundo y el de muchas de las personas que pasaron, de otra forma, por las historias que les contamos\u201d.<\/p>\n<p style=\"text-align: justify;\">El autor de este libro, Carlos G. Esteban, es una persona inquieta y comprometida, que usa la palabra en su blog Tierra de Barrenaus, su programa en Radio Topo, sus v\u00eddeos y sus publicaciones en aragon\u00e9s y castellano. \u201cLa comunicaci\u00f3n adquiere formas diferentes seg\u00fan el tiempo hist\u00f3rico (\u2026) Las historias se tienen que contar con el lenguaje de cada tiempo\u201d.<\/p>\n<p style=\"text-align: justify;\">Sigamos comunicando. \u201cCualquiera con una buena historia deber\u00eda compartirla porque seguro que hay a quien le interesa\u201d. Os recomiendo este libro, editado por Imperium. Como dicen los protagonistas de estos \u201cHechos de tinta\u201d, \u00a1Buenas lecturas!<\/p>\n<p>&nbsp;<\/p>","protected":false},"excerpt":{"rendered":"<p>En esta novela coral, cuatro protagonistas cuentan en primera persona sus vivencias entorno a la literatura, la ambici\u00f3n, los \u00e9xitos [&hellip;]<\/p>\n","protected":false},"author":1,"featured_media":1390,"comment_status":"open","ping_status":"closed","sticky":false,"template":"","format":"standard","meta":{"site-sidebar-layout":"default","site-content-layout":"","ast-site-content-layout":"default","site-content-style":"default","site-sidebar-style":"default","ast-global-header-display":"","ast-banner-title-visibility":"","ast-main-header-display":"","ast-hfb-above-header-display":"","ast-hfb-below-header-display":"","ast-hfb-mobile-header-display":"","site-post-title":"","ast-breadcrumbs-content":"","ast-featured-img":"","footer-sml-layout":"","ast-disable-related-posts":"","theme-transparent-header-meta":"","adv-header-id-meta":"","stick-header-meta":"","header-above-stick-meta":"","header-main-stick-meta":"","header-below-stick-meta":"","astra-migrate-meta-layouts":"default","ast-page-background-enabled":"default","ast-page-background-meta":{"desktop":{"background-color":"","background-image":"","background-repeat":"repeat","background-position":"center center","background-size":"auto","background-attachment":"scroll","background-type":"","background-media":"","overlay-type":"","overlay-color":"","overlay-opacity":"","overlay-gradient":""},"tablet":{"background-color":"","background-image":"","background-repeat":"repeat","background-position":"center center","background-size":"auto","background-attachment":"scroll","background-type":"","background-media":"","overlay-type":"","overlay-color":"","overlay-opacity":"","overlay-gradient":""},"mobile":{"background-color":"","background-image":"","background-repeat":"repeat","background-position":"center center","background-size":"auto","background-attachment":"scroll","background-type":"","background-media":"","overlay-type":"","overlay-color":"","overlay-opacity":"","overlay-gradient":""}},"ast-content-background-meta":{"desktop":{"background-color":"var(--ast-global-color-5)","background-image":"","background-repeat":"repeat","background-position":"center center","background-size":"auto","background-attachment":"scroll","background-type":"","background-media":"","overlay-type":"","overlay-color":"","overlay-opacity":"","overlay-gradient":""},"tablet":{"background-color":"var(--ast-global-color-5)","background-image":"","background-repeat":"repeat","background-position":"center center","background-size":"auto","background-attachment":"scroll","background-type":"","background-media":"","overlay-type":"","overlay-color":"","overlay-opacity":"","overlay-gradient":""},"mobile":{"background-color":"var(--ast-global-color-5)","background-image":"","background-repeat":"repeat","background-position":"center center","background-size":"auto","background-attachment":"scroll","background-type":"","background-media":"","overlay-type":"","overlay-color":"","overlay-opacity":"","overlay-gradient":""}},"_joinchat":[],"footnotes":""},"categories":[26],"tags":[641,642,244,133,40,161,125],"class_list":["post-1389","post","type-post","status-publish","format-standard","has-post-thumbnail","hentry","category-cultivando","tag-escribir","tag-exito","tag-historias","tag-libro","tag-libros","tag-literatura","tag-novela"],"_links":{"self":[{"href":"https:\/\/nachoescartin.es\/an\/wp-json\/wp\/v2\/posts\/1389","targetHints":{"allow":["GET"]}}],"collection":[{"href":"https:\/\/nachoescartin.es\/an\/wp-json\/wp\/v2\/posts"}],"about":[{"href":"https:\/\/nachoescartin.es\/an\/wp-json\/wp\/v2\/types\/post"}],"author":[{"embeddable":true,"href":"https:\/\/nachoescartin.es\/an\/wp-json\/wp\/v2\/users\/1"}],"replies":[{"embeddable":true,"href":"https:\/\/nachoescartin.es\/an\/wp-json\/wp\/v2\/comments?post=1389"}],"version-history":[{"count":0,"href":"https:\/\/nachoescartin.es\/an\/wp-json\/wp\/v2\/posts\/1389\/revisions"}],"wp:featuredmedia":[{"embeddable":true,"href":"https:\/\/nachoescartin.es\/an\/wp-json\/wp\/v2\/media\/1390"}],"wp:attachment":[{"href":"https:\/\/nachoescartin.es\/an\/wp-json\/wp\/v2\/media?parent=1389"}],"wp:term":[{"taxonomy":"category","embeddable":true,"href":"https:\/\/nachoescartin.es\/an\/wp-json\/wp\/v2\/categories?post=1389"},{"taxonomy":"post_tag","embeddable":true,"href":"https:\/\/nachoescartin.es\/an\/wp-json\/wp\/v2\/tags?post=1389"}],"curies":[{"name":"wp","href":"https:\/\/api.w.org\/{rel}","templated":true}]}}