{"id":1386,"date":"2022-07-30T16:46:56","date_gmt":"2022-07-30T16:46:56","guid":{"rendered":"https:\/\/nachoescartin.es\/?p=1386"},"modified":"2022-07-30T16:46:56","modified_gmt":"2022-07-30T16:46:56","slug":"biela-y-tierra-en-ruta","status":"publish","type":"post","link":"https:\/\/nachoescartin.es\/an\/biela-y-tierra-en-ruta\/","title":{"rendered":"\u201cBiela y Tierra en ruta\u201d"},"content":{"rendered":"<p style=\"text-align: justify;\">Ana, Cris, Edurne y Sole son 4 amigas, amantes de las bicis y de la alimentaci\u00f3n sostenible como motor del cambio, que hace unos a\u00f1os idearon un viaje. Durante cuatro meses y medio (entre junio y octubre de 2019) pedalearon 2.830 kil\u00f3metros por el norte de la geograf\u00eda de la Pen\u00ednsula Ib\u00e9rica (Arag\u00f3n, Nafarroa, La Rioja, Castilla y Le\u00f3n, Asturies, Cantabria y Euskadi). Su tr\u00e1nsito se deten\u00eda en proyectos vivos,, ejemplos reales que demuestran que hay alternativas desde la Agroecolog\u00eda y la Soberan\u00eda Alimentaria, los Ecofeminismos, la Movilidad Sostenible y un Consumo Consciente y Transformador. La mayor\u00eda de estas peque\u00f1as realidades nacen en pueblos chicorrones, en un Mundo Rural Vivo din\u00e1mico en el que se conectan las ra\u00edces (el origen familiar o la evoluci\u00f3n de un proyecto agrario anterior) con las ramas (de experiencias aprendidas en otros lugares del mundo, universidades y mestizajes).<\/p>\n<p style=\"text-align: justify;\">De este viaje naci\u00f3 este libro, con el que colaboramos mediante el micromecenazgo colectivo. A medio camino entre un diario y un cuaderno de bit\u00e1cora, la investigaci\u00f3n social y el periodismo comunitario, esta publicaci\u00f3n (editada por Pol.len) es un tesoro, por la cantidad de iniciativas que nos acerca. Adem\u00e1s, cuenta con 6 fant\u00e1sticas ilustradoras de las Comunidades Aut\u00f3nomas por las que pasan, que iluminan los 73 cuadernos de campo de las 160 iniciativas que Edurne Caballero y Ana Santidri\u00e1n recorrieron y cuya primera versi\u00f3n la ten\u00e9is en <a href=\"http:\/\/www.bielaytierra.com\" target=\"_blank\" rel=\"noopener\">www.bielaytierra.com.<\/a><\/p>\n<p style=\"text-align: justify;\">Como Jaime Izquierdo nos cuenta en el pr\u00f3logo, \u201cla biela y la tierra, la energ\u00eda motriz y renovable que tenemos dentro y los lugares donde florecen las nuevas energ\u00edas de la tierra, en forma de alimento, son tambi\u00e9n una met\u00e1fora de nuevas formas de vida, de nuevas agriculturas que devuelvan al campo su inspiraci\u00f3n y orienten su futuro\u201d.<\/p>\n<p style=\"text-align: justify;\">Mi primera reflexi\u00f3n, que comparto, es que necesitamos cooperar mejor para que nuestros proyectos superen las dificultades y consigan perdurar en el tiempo, llegar a m\u00e1s gente y tener un relevo m\u00e1s all\u00e1 de las personas que los impulsan. Llevo a\u00f1os implicado en distintas iniciativas agroecol\u00f3gicas como la EcoRedArag\u00f3n, Sabores Pr\u00f3ximos o A Vecinal, entre otras, y constato que es imprescindible generar econom\u00edas de escala en las que, desde lo local, seamos capaces de alcanzar metas m\u00e1s amplias, sin perder los valores y la calidad de nuestras producciones y actividades.<\/p>\n<p style=\"text-align: justify;\">En el libro hay proyectos muy arraigados a una cultura agraria local, de personas que han sido valientes y se han atrevido a evolucionar hacia la agricultura ecol\u00f3gica, la biodin\u00e1mica, los canales cortos de comercializaci\u00f3n o la ganader\u00eda extensiva, y otros que podr\u00edamos simplificar como \u201cneorrurales\u201d, de gentes que buscaban una vida en armon\u00eda con los ciclos de la vida, la naturaleza y su entorno, fuera de las ciudades. No son mundos paralelos, sino conectados, entre los much\u00edsimos consumidores en las urbes y la posibilidad de econom\u00edas solventes en municipios muy peque\u00f1os.<\/p>\n<p style=\"text-align: justify;\">Muchas de estas iniciativas, en especial cuando precisan de transformaci\u00f3n de alimentos, se han encontrado con un infierno de trabas burocr\u00e1ticas. Sin la excusa de la normativa higi\u00e9nico sanitaria, las instituciones deber\u00edan acompa\u00f1ar mejor al nacimiento y el progreso de estos proyectos, para no ser tap\u00f3n, sino c\u00f3mplices. Muchas de ellas no piden ayudas (otras s\u00ed, y las merecen), pero todas necesitan alianzas en las distintas administraciones, para que su trabajo se pueda centrar en lo que les gusta: la producci\u00f3n de alimentos, la venta directa, la difusi\u00f3n y formaci\u00f3n, las actividades educativas o el ecoturismo, entre otras.<\/p>\n<p style=\"text-align: justify;\">Personalmente, conozco unas cuantas de las iniciativas aqu\u00ed plasmadas y doy fe de que son motor de cambio y de inspiraci\u00f3n. Os animo a visitarlas, a consumir sus producciones, a conocer a las personas que las promueven. Y, como aragon\u00e9s, estoy especialmente orgulloso de las buenas gentes que, de Zaragoza a A\u00ednsa, de las Cinco Villas al Matarranya, de Leci\u00f1ena a Loporzano, demuestran que S\u00ed Se Puede.<\/p>\n<p style=\"text-align: justify;\">\u00a1Qu\u00e9 sinf\u00edn de inspiraciones!: mieles y productos de las abejas, escuelas ap\u00edcolas, razas aut\u00f3ctonas de vacas, ovejas o cabras, manzanas, alberges, melocotones, biodin\u00e1mica, talleres de autoreparaci\u00f3n de bicis, juegos de mesa cooperativos, huertas sociales, escuelas de sostenibilidad, arroz ecol\u00f3gico, innovaci\u00f3n en los aperos, hortalizas ecol\u00f3gicas, pastoreo, plantas arom\u00e1ticas y medicinales, actividades educativas y divulgativas, recuperaci\u00f3n del patrimonio, bancos de tierras, ayudas a domicilio a mayores, tiendas de comercio justo, autosuficiencia energ\u00e9tica, viviendas sociales, cereales, alubias, observatorios astron\u00f3micos, huertos escolares, universidades rurales, apoyo a migrantes, mercados agroecol\u00f3gicos, pollos ecol\u00f3gicos, comedores sociales, mediadores, bosques de alimentos, viveros ecol\u00f3gicos, mercados locales, bioconstrucci\u00f3n, salud mental, periodistas rurales, conservas, escabechados, producci\u00f3n de setas, extracci\u00f3n de resina, centros de interpretaci\u00f3n, telares, cervecer\u00edas artesanas y ecol\u00f3gicas, casas de paja, queser\u00edas, sidrer\u00edas, \u00e1rboles aut\u00f3ctonos, empresas de catering, kiwis, cocina sin gluten, agroturismo, inserci\u00f3n de discapacidad intelectual, bibliotecas, molinos, ornitolog\u00eda, radios locales y libres, tradici\u00f3n oral, lana, obradores, feminismos, investigaci\u00f3n, asociacionismo, rehabilitaci\u00f3n de casas, diversificaci\u00f3n, supermercados cooperativos, scape rooms y gimcanas, cocinas comunitarias, artesan\u00edas, gesti\u00f3n sostenible del agua, carnicer\u00edas ambulantes, bodegas, movilidad colectiva, luchas en defensa del territorio, campamentos de verano, grupos de consumo, escuelas de pastores, productoras audiovisuales, recuperaci\u00f3n de caminos, actividades deportivas, redes de semillas, comedores escolares ecol\u00f3gicos, escuelas libres, tracci\u00f3n animal, mejora de la estructura del suelo, reforestaci\u00f3n con especies aut\u00f3ctonas, jardines bot\u00e1nicos, chocolater\u00edas, talleres ecogastron\u00f3micos y un largu\u00edsimo etc\u00e9tera.<\/p>\n<p style=\"text-align: justify;\">Y, sobre todo, de personas. Personas con valores: apoyo mutuo, cooperaci\u00f3n, el consumo como acto pol\u00edtico, afectos y confianza, solidaridad rec\u00edproca, autonom\u00eda, soberan\u00edas, uni\u00f3n, fuerza, decisi\u00f3n, trabajo serio, conciencia global para una actuaci\u00f3n local.<\/p>\n<p style=\"text-align: justify;\">Como Biela y Tierra escriben: \u201cFinalizamos empoderadas y orgullosas de saber que nuestros pueblos est\u00e1n vivos y creemos que son pieza clave en el presente y el futuro (\u2026) Existen alternativas para afrontar los retos ambientales y sociales a que nos enfrentamos\u201d. Me sumo a sus palabras. Gracias.<\/p>\n<p>&nbsp;<\/p>","protected":false},"excerpt":{"rendered":"<p>Ana, Cris, Edurne y Sole son 4 amigas, amantes de las bicis y de la alimentaci\u00f3n sostenible como motor del [&hellip;]<\/p>\n","protected":false},"author":1,"featured_media":1387,"comment_status":"open","ping_status":"closed","sticky":false,"template":"","format":"standard","meta":{"site-sidebar-layout":"default","site-content-layout":"","ast-site-content-layout":"default","site-content-style":"default","site-sidebar-style":"default","ast-global-header-display":"","ast-banner-title-visibility":"","ast-main-header-display":"","ast-hfb-above-header-display":"","ast-hfb-below-header-display":"","ast-hfb-mobile-header-display":"","site-post-title":"","ast-breadcrumbs-content":"","ast-featured-img":"","footer-sml-layout":"","ast-disable-related-posts":"","theme-transparent-header-meta":"","adv-header-id-meta":"","stick-header-meta":"","header-above-stick-meta":"","header-main-stick-meta":"","header-below-stick-meta":"","astra-migrate-meta-layouts":"default","ast-page-background-enabled":"default","ast-page-background-meta":{"desktop":{"background-color":"","background-image":"","background-repeat":"repeat","background-position":"center center","background-size":"auto","background-attachment":"scroll","background-type":"","background-media":"","overlay-type":"","overlay-color":"","overlay-opacity":"","overlay-gradient":""},"tablet":{"background-color":"","background-image":"","background-repeat":"repeat","background-position":"center center","background-size":"auto","background-attachment":"scroll","background-type":"","background-media":"","overlay-type":"","overlay-color":"","overlay-opacity":"","overlay-gradient":""},"mobile":{"background-color":"","background-image":"","background-repeat":"repeat","background-position":"center center","background-size":"auto","background-attachment":"scroll","background-type":"","background-media":"","overlay-type":"","overlay-color":"","overlay-opacity":"","overlay-gradient":""}},"ast-content-background-meta":{"desktop":{"background-color":"var(--ast-global-color-5)","background-image":"","background-repeat":"repeat","background-position":"center center","background-size":"auto","background-attachment":"scroll","background-type":"","background-media":"","overlay-type":"","overlay-color":"","overlay-opacity":"","overlay-gradient":""},"tablet":{"background-color":"var(--ast-global-color-5)","background-image":"","background-repeat":"repeat","background-position":"center center","background-size":"auto","background-attachment":"scroll","background-type":"","background-media":"","overlay-type":"","overlay-color":"","overlay-opacity":"","overlay-gradient":""},"mobile":{"background-color":"var(--ast-global-color-5)","background-image":"","background-repeat":"repeat","background-position":"center center","background-size":"auto","background-attachment":"scroll","background-type":"","background-media":"","overlay-type":"","overlay-color":"","overlay-opacity":"","overlay-gradient":""}},"_joinchat":[],"footnotes":""},"categories":[26,25],"tags":[230,246,62,28,634,635,210,389,275,43,30,129,133,636,168,637,638,639,640],"class_list":["post-1386","post","type-post","status-publish","format-standard","has-post-thumbnail","hentry","category-cultivando","category-enredando","tag-agricultura","tag-agroecologia","tag-alternativas","tag-aragon","tag-bicicleta","tag-biela-y-tierra","tag-capitalismo","tag-consumo","tag-ecofeminismo","tag-economia","tag-educacion","tag-espana","tag-libro","tag-mundo-rural-vivo","tag-pueblos","tag-ruta","tag-soberania","tag-soberania-alimentaria","tag-venta-directa"],"_links":{"self":[{"href":"https:\/\/nachoescartin.es\/an\/wp-json\/wp\/v2\/posts\/1386","targetHints":{"allow":["GET"]}}],"collection":[{"href":"https:\/\/nachoescartin.es\/an\/wp-json\/wp\/v2\/posts"}],"about":[{"href":"https:\/\/nachoescartin.es\/an\/wp-json\/wp\/v2\/types\/post"}],"author":[{"embeddable":true,"href":"https:\/\/nachoescartin.es\/an\/wp-json\/wp\/v2\/users\/1"}],"replies":[{"embeddable":true,"href":"https:\/\/nachoescartin.es\/an\/wp-json\/wp\/v2\/comments?post=1386"}],"version-history":[{"count":0,"href":"https:\/\/nachoescartin.es\/an\/wp-json\/wp\/v2\/posts\/1386\/revisions"}],"wp:featuredmedia":[{"embeddable":true,"href":"https:\/\/nachoescartin.es\/an\/wp-json\/wp\/v2\/media\/1387"}],"wp:attachment":[{"href":"https:\/\/nachoescartin.es\/an\/wp-json\/wp\/v2\/media?parent=1386"}],"wp:term":[{"taxonomy":"category","embeddable":true,"href":"https:\/\/nachoescartin.es\/an\/wp-json\/wp\/v2\/categories?post=1386"},{"taxonomy":"post_tag","embeddable":true,"href":"https:\/\/nachoescartin.es\/an\/wp-json\/wp\/v2\/tags?post=1386"}],"curies":[{"name":"wp","href":"https:\/\/api.w.org\/{rel}","templated":true}]}}