{"id":1378,"date":"2022-07-25T16:45:55","date_gmt":"2022-07-25T16:45:55","guid":{"rendered":"https:\/\/nachoescartin.es\/?p=1378"},"modified":"2022-07-25T16:45:55","modified_gmt":"2022-07-25T16:45:55","slug":"la-loca-de-cristina-fallaras","status":"publish","type":"post","link":"https:\/\/nachoescartin.es\/an\/la-loca-de-cristina-fallaras\/","title":{"rendered":"\u201cLa Loca\u201d de Cristina Fallar\u00e1s"},"content":{"rendered":"<p style=\"text-align: justify;\">A muchos os sonar\u00e1 \u201cla reina Juana la Loca\u201d. Pero \u201cJuana no estaba loca\u201d. \u00bfPuede tener alguna relaci\u00f3n su vida con la de Britney Spears? \u201cLa Loca\u201d de Cristina Fallar\u00e1s es la historia de una reina. Pero no al uso. Hay realismo m\u00e1gico; hay violencias antiguas y violencias contempor\u00e1neas; hay silencio y hay ruidos; hay encierros, humillaciones, malos tratos, agresiones, golpes, torturas; hay rigor hist\u00f3rico y registros ocultos.<\/p>\n<p style=\"text-align: justify;\">Cristina Fallar\u00e1s tiende puentes entre \u00e9pocas conectadas por mujeres cultas, que sufren parecidas violencias y que se saben soberanas de sus cuerpos. Una historia es la de \u201cJuana I, reina de Castilla y los territorios de ultramar, reina de Navarra, Arag\u00f3n, Mallorca, N\u00e1poles, Sicilia y de Valencia, condesa de Barcelona\u201d, que vivi\u00f3 en el S.XVI durante 76 a\u00f1os, gran parte de ellos cautiva por orden de su marido, su padre y su hijo.<\/p>\n<p style=\"text-align: justify;\">\u201cNuestra reina Juana I de Castilla fue la mujer m\u00e1s fuerte y m\u00e1s entera conocida y que por decidir sobre su cuerpo y su vida recibi\u00f3 el m\u00e1s grave castigo, y que a\u00fan as\u00ed conserv\u00f3 la cordura durante los cuarenta y seis a\u00f1os que dur\u00f3 su clausura, incluidos los treinta a\u00f1os, \u00a1treinta a\u00f1os!, que pas\u00f3 ya sin su hija, que conserv\u00f3 su empe\u00f1o y su cabeza\u201d. Fallar\u00e1s nos recuerda la educaci\u00f3n exquisita de Juana, su rebeld\u00eda y su fuerza interior. \u00a1Y su cordura! (pese a tanto).<\/p>\n<p style=\"text-align: justify;\">Las otras historias son las de un viaje hacia un lugar remoto donde recuperarse, desde lo propio, lo \u00edntimo, lo corporal. \u201cEl cuerpo es un arma poderosa, el arma de la vida y de la muerte. Da vida y puede quitarla. El cuerpo mata y puede decidir morir\u201d.<\/p>\n<p style=\"text-align: justify;\">Editado por Penguim Random House, \u201cLa Loca\u201d es el primer libro que leo de Cristina Fallar\u00e1s y no ser\u00e1 el \u00faltimo. Me ha gustado especialmente c\u00f3mo construye las historias y como las conecta, para acabar comprendiendo las conexiones y el di\u00e1logo entre las diversas \u00e9pocas.<\/p>","protected":false},"excerpt":{"rendered":"<p>A muchos os sonar\u00e1 \u201cla reina Juana la Loca\u201d. Pero \u201cJuana no estaba loca\u201d. \u00bfPuede tener alguna relaci\u00f3n su vida [&hellip;]<\/p>\n","protected":false},"author":1,"featured_media":1379,"comment_status":"open","ping_status":"closed","sticky":false,"template":"","format":"standard","meta":{"site-sidebar-layout":"default","site-content-layout":"","ast-site-content-layout":"default","site-content-style":"default","site-sidebar-style":"default","ast-global-header-display":"","ast-banner-title-visibility":"","ast-main-header-display":"","ast-hfb-above-header-display":"","ast-hfb-below-header-display":"","ast-hfb-mobile-header-display":"","site-post-title":"","ast-breadcrumbs-content":"","ast-featured-img":"","footer-sml-layout":"","ast-disable-related-posts":"","theme-transparent-header-meta":"","adv-header-id-meta":"","stick-header-meta":"","header-above-stick-meta":"","header-main-stick-meta":"","header-below-stick-meta":"","astra-migrate-meta-layouts":"default","ast-page-background-enabled":"default","ast-page-background-meta":{"desktop":{"background-color":"","background-image":"","background-repeat":"repeat","background-position":"center center","background-size":"auto","background-attachment":"scroll","background-type":"","background-media":"","overlay-type":"","overlay-color":"","overlay-opacity":"","overlay-gradient":""},"tablet":{"background-color":"","background-image":"","background-repeat":"repeat","background-position":"center center","background-size":"auto","background-attachment":"scroll","background-type":"","background-media":"","overlay-type":"","overlay-color":"","overlay-opacity":"","overlay-gradient":""},"mobile":{"background-color":"","background-image":"","background-repeat":"repeat","background-position":"center center","background-size":"auto","background-attachment":"scroll","background-type":"","background-media":"","overlay-type":"","overlay-color":"","overlay-opacity":"","overlay-gradient":""}},"ast-content-background-meta":{"desktop":{"background-color":"var(--ast-global-color-5)","background-image":"","background-repeat":"repeat","background-position":"center center","background-size":"auto","background-attachment":"scroll","background-type":"","background-media":"","overlay-type":"","overlay-color":"","overlay-opacity":"","overlay-gradient":""},"tablet":{"background-color":"var(--ast-global-color-5)","background-image":"","background-repeat":"repeat","background-position":"center center","background-size":"auto","background-attachment":"scroll","background-type":"","background-media":"","overlay-type":"","overlay-color":"","overlay-opacity":"","overlay-gradient":""},"mobile":{"background-color":"var(--ast-global-color-5)","background-image":"","background-repeat":"repeat","background-position":"center center","background-size":"auto","background-attachment":"scroll","background-type":"","background-media":"","overlay-type":"","overlay-color":"","overlay-opacity":"","overlay-gradient":""}},"_joinchat":[],"footnotes":""},"categories":[26],"tags":[584,160,130,133,252,163,301],"class_list":["post-1378","post","type-post","status-publish","format-standard","has-post-thumbnail","hentry","category-cultivando","tag-cuerpo","tag-feminismo","tag-historia","tag-libro","tag-locura","tag-mujeres","tag-violencia"],"_links":{"self":[{"href":"https:\/\/nachoescartin.es\/an\/wp-json\/wp\/v2\/posts\/1378","targetHints":{"allow":["GET"]}}],"collection":[{"href":"https:\/\/nachoescartin.es\/an\/wp-json\/wp\/v2\/posts"}],"about":[{"href":"https:\/\/nachoescartin.es\/an\/wp-json\/wp\/v2\/types\/post"}],"author":[{"embeddable":true,"href":"https:\/\/nachoescartin.es\/an\/wp-json\/wp\/v2\/users\/1"}],"replies":[{"embeddable":true,"href":"https:\/\/nachoescartin.es\/an\/wp-json\/wp\/v2\/comments?post=1378"}],"version-history":[{"count":0,"href":"https:\/\/nachoescartin.es\/an\/wp-json\/wp\/v2\/posts\/1378\/revisions"}],"wp:featuredmedia":[{"embeddable":true,"href":"https:\/\/nachoescartin.es\/an\/wp-json\/wp\/v2\/media\/1379"}],"wp:attachment":[{"href":"https:\/\/nachoescartin.es\/an\/wp-json\/wp\/v2\/media?parent=1378"}],"wp:term":[{"taxonomy":"category","embeddable":true,"href":"https:\/\/nachoescartin.es\/an\/wp-json\/wp\/v2\/categories?post=1378"},{"taxonomy":"post_tag","embeddable":true,"href":"https:\/\/nachoescartin.es\/an\/wp-json\/wp\/v2\/tags?post=1378"}],"curies":[{"name":"wp","href":"https:\/\/api.w.org\/{rel}","templated":true}]}}