{"id":1357,"date":"2022-06-06T13:34:40","date_gmt":"2022-06-06T13:34:40","guid":{"rendered":"https:\/\/nachoescartin.es\/?p=1357"},"modified":"2022-06-06T13:34:40","modified_gmt":"2022-06-06T13:34:40","slug":"el-buen-antepasado-de-roman-krznaric","status":"publish","type":"post","link":"https:\/\/nachoescartin.es\/an\/el-buen-antepasado-de-roman-krznaric\/","title":{"rendered":"\u201cEl buen antepasado\u201d de Roman Krznaric"},"content":{"rendered":"<p style=\"text-align: justify;\">\u201cSi le pidi\u00e9ramos al t\u00edpico pol\u00edtico de carrera que tomara una importante decisi\u00f3n a doscientos a\u00f1os vista, probablemente se pondr\u00eda a re\u00edr y nos echar\u00eda de su despacho\u201d. Doy fe \ud83d\ude09<\/p>\n<p style=\"text-align: justify;\">\nLa editorial Capit\u00e1n Swing nos regala otro libro estupendo. El polit\u00f3logo australiano Roman Krznaric nos urge a superar el cortoplacismo patol\u00f3gico en el que est\u00e1 instalada la pol\u00edtica y las vidas de muchas personas, para ampliar la mirada hacia el futuro. Se trata de intentar estar orgullosos del legado que estamos dejando a las nietas de nuestras hijas.<\/p>\n<p style=\"text-align: justify;\">\nEl libro me ha gustado mucho. Digamos que me ha explotado la cabeza en algunos aspectos porque, m\u00e1s all\u00e1 de la ciencia ficci\u00f3n, no solemos pensar en un horizonte m\u00e1s amplio del de nuestra propia vida. \u00bfT\u00fa has pensado alguna vez en c\u00f3mo ser\u00e1 tu entorno dentro de 100 a\u00f1os y qu\u00e9 est\u00e1s haciendo para dejarlo lo mejor posible? Yo, desde que naci\u00f3 nuestra hija Lola hace 7 a\u00f1os, bastante m\u00e1s.<\/p>\n<p style=\"text-align: justify;\">\n\u201cSomos herederos de los regalos del pasado\u201d es la mejor s\u00edntesis de la propuesta del autor para \u201cliberarnos de nuestra adicci\u00f3n al presente\u201d y dejar de colonizar el futuro, con la actual depredaci\u00f3n del planeta, para el disfrute de muy pocas personas durante muy pocos a\u00f1os. Somos el resultado de 4.000 millones de a\u00f1os de evoluci\u00f3n, el sol apenas ha llegado a la mitad de su vida y en apenas unas pocas d\u00e9cadas nos estamos cargando la Tierra. Solo en los \u00faltimos 50.000 a\u00f1os han vivido y muerto unos 100.000 millones de personas y hoy unos pocos cientos de miles est\u00e1n desperdiciando recursos, energ\u00edas y posibilidades para que todas, hoy y ma\u00f1ana, vivamos mejor.<\/p>\n<p style=\"text-align: justify;\">\nEl autor tiene una amplia experiencia del estudio de diferentes campos, lo cual genera un viaje interdisciplinar hacia la justicia intergeneracional y una mejor administraci\u00f3n planetaria, en el que hay filosof\u00eda moral, antropolog\u00eda, neurociencia, arte conceptual y politolog\u00eda.<\/p>\n<p style=\"text-align: justify;\">\n\u201cNada es inevitable hasta que sucede\u201d, defiende el autor. Es decir, que este sistema cortoplacista, capitalista y depredador que todo lo invade (empezando por nuestras mentes), no es infinito. Siempre hay espacio para la esperanza y no son pocos los movimientos que, en los \u00faltimos a\u00f1os, desde el ecologismo y la ciencia especialmente, est\u00e1n articulando otras miradas a largo plazo que nos animan a poner en marcha otras pol\u00edticas que piensen en el futuro que vamos a dejar a nuestros descendientes.<\/p>\n<p style=\"text-align: justify;\">\nEl autor plantea, para empezar, que superemos la adicci\u00f3n a los relojes, la velocidad y las distracciones digitales. A partir de ah\u00ed pensemos: \u201c\u00bfC\u00f3mo nos recordar\u00e1 la gente del futuro?\u201d, qu\u00e9 hemos hecho por las generaciones futuras y c\u00f3mo podemos empatizar con ellas para dejarles un buen recuerdo de nosotros mismos. Una vez corregida nuestra miop\u00eda colectiva, es la hora de actuar. No son pocas las experiencias sociales que trabajan y luchan por el futuro, sin abandonar las urgencias de nuestro tiempo presente. Porque no se trata de hacer un ejercicio de futurolog\u00eda sin abordar lo que tenemos delante. Se trata, de hecho, de dar los pasos correctos para que el presente sea mejor y, al mismo tiempo, ofrezcamos \u201cun trato justo a la gente del futuro\u201d.<\/p>\n<p style=\"text-align: justify;\">\nLa actual crisis clim\u00e1tica nos obliga a tener un \u201cpensamiento catedral\u201d para una planificaci\u00f3n democr\u00e1tica, eficaz y a largo plazo. Y ejemplos no nos faltan en la historia de la humanidad: el sistema de alcantarillado londinense, el acueducto de Segovia o la Gran Muralla China son tres de ellos. Pongamos ya en marcha objetivos trascendentales hacia una mayor prosperidad planetaria dentro de los l\u00edmites naturales. Porque como dijo S\u00e9neca \u201cel crecimiento es lento, pero la ruina es r\u00e1pida\u201d y ya vimos c\u00f3mo cay\u00f3 de un plumazo el imperio romano o el azteca.<\/p>\n<p style=\"text-align: justify;\">\nRoman Krznaric sabe que el camino no es lineal y habr\u00e1 diferentes rutas interconectadas y en tensi\u00f3n permanente. \u00c9l sugiere cambios institucionales, como ya se est\u00e1n dando en algunos pa\u00edses; desaf\u00edos radicales que superen las estructuras de poder obsoletas; dejar atr\u00e1s las l\u00f3gicas del capitalismo con \u201crebeld\u00eda regenerativa\u201d hacia una econom\u00eda circular; y una evoluci\u00f3n cultural con el desarrollo de otras habilidades humanas y en especial la empat\u00eda.<\/p>\n<p style=\"text-align: justify;\">\nEl camino del buen antepasado es un reto colectivo interesante. En el plano te\u00f3rico me ha encantado y en la parte pr\u00e1ctica se me ocurren otras muchas experiencias colectivas para implicarnos, especialmente las rurales, que no ri\u00f1en con las que ofrece el autor, y complementan ese \u201cact\u00faa local y piensa global\u201d que algunos estamos practicando donde estamos desde que tenemos uso de raz\u00f3n. Este libro ayuda a ese \u201ccontagio social\u201d tan importante, as\u00ed que os animo a leerlo.<\/p>","protected":false},"excerpt":{"rendered":"<p>\u201cSi le pidi\u00e9ramos al t\u00edpico pol\u00edtico de carrera que tomara una importante decisi\u00f3n a doscientos a\u00f1os vista, probablemente se pondr\u00eda [&hellip;]<\/p>\n","protected":false},"author":1,"featured_media":1358,"comment_status":"open","ping_status":"closed","sticky":false,"template":"","format":"standard","meta":{"site-sidebar-layout":"default","site-content-layout":"","ast-site-content-layout":"default","site-content-style":"default","site-sidebar-style":"default","ast-global-header-display":"","ast-banner-title-visibility":"","ast-main-header-display":"","ast-hfb-above-header-display":"","ast-hfb-below-header-display":"","ast-hfb-mobile-header-display":"","site-post-title":"","ast-breadcrumbs-content":"","ast-featured-img":"","footer-sml-layout":"","ast-disable-related-posts":"","theme-transparent-header-meta":"","adv-header-id-meta":"","stick-header-meta":"","header-above-stick-meta":"","header-main-stick-meta":"","header-below-stick-meta":"","astra-migrate-meta-layouts":"default","ast-page-background-enabled":"default","ast-page-background-meta":{"desktop":{"background-color":"","background-image":"","background-repeat":"repeat","background-position":"center center","background-size":"auto","background-attachment":"scroll","background-type":"","background-media":"","overlay-type":"","overlay-color":"","overlay-opacity":"","overlay-gradient":""},"tablet":{"background-color":"","background-image":"","background-repeat":"repeat","background-position":"center center","background-size":"auto","background-attachment":"scroll","background-type":"","background-media":"","overlay-type":"","overlay-color":"","overlay-opacity":"","overlay-gradient":""},"mobile":{"background-color":"","background-image":"","background-repeat":"repeat","background-position":"center center","background-size":"auto","background-attachment":"scroll","background-type":"","background-media":"","overlay-type":"","overlay-color":"","overlay-opacity":"","overlay-gradient":""}},"ast-content-background-meta":{"desktop":{"background-color":"var(--ast-global-color-5)","background-image":"","background-repeat":"repeat","background-position":"center center","background-size":"auto","background-attachment":"scroll","background-type":"","background-media":"","overlay-type":"","overlay-color":"","overlay-opacity":"","overlay-gradient":""},"tablet":{"background-color":"var(--ast-global-color-5)","background-image":"","background-repeat":"repeat","background-position":"center center","background-size":"auto","background-attachment":"scroll","background-type":"","background-media":"","overlay-type":"","overlay-color":"","overlay-opacity":"","overlay-gradient":""},"mobile":{"background-color":"var(--ast-global-color-5)","background-image":"","background-repeat":"repeat","background-position":"center center","background-size":"auto","background-attachment":"scroll","background-type":"","background-media":"","overlay-type":"","overlay-color":"","overlay-opacity":"","overlay-gradient":""}},"_joinchat":[],"footnotes":""},"categories":[26],"tags":[618,360,132,619,620,227,333,185,279,551,133,334,621],"class_list":["post-1357","post","type-post","status-publish","format-standard","has-post-thumbnail","hentry","category-cultivando","tag-antepasado","tag-arte","tag-ciencia","tag-ciencia-ficcion","tag-descendiente","tag-ecologia","tag-ecologismo","tag-ensayo","tag-futuro","tag-justicia","tag-libro","tag-medio-ambiente","tag-sociologia"],"_links":{"self":[{"href":"https:\/\/nachoescartin.es\/an\/wp-json\/wp\/v2\/posts\/1357","targetHints":{"allow":["GET"]}}],"collection":[{"href":"https:\/\/nachoescartin.es\/an\/wp-json\/wp\/v2\/posts"}],"about":[{"href":"https:\/\/nachoescartin.es\/an\/wp-json\/wp\/v2\/types\/post"}],"author":[{"embeddable":true,"href":"https:\/\/nachoescartin.es\/an\/wp-json\/wp\/v2\/users\/1"}],"replies":[{"embeddable":true,"href":"https:\/\/nachoescartin.es\/an\/wp-json\/wp\/v2\/comments?post=1357"}],"version-history":[{"count":0,"href":"https:\/\/nachoescartin.es\/an\/wp-json\/wp\/v2\/posts\/1357\/revisions"}],"wp:featuredmedia":[{"embeddable":true,"href":"https:\/\/nachoescartin.es\/an\/wp-json\/wp\/v2\/media\/1358"}],"wp:attachment":[{"href":"https:\/\/nachoescartin.es\/an\/wp-json\/wp\/v2\/media?parent=1357"}],"wp:term":[{"taxonomy":"category","embeddable":true,"href":"https:\/\/nachoescartin.es\/an\/wp-json\/wp\/v2\/categories?post=1357"},{"taxonomy":"post_tag","embeddable":true,"href":"https:\/\/nachoescartin.es\/an\/wp-json\/wp\/v2\/tags?post=1357"}],"curies":[{"name":"wp","href":"https:\/\/api.w.org\/{rel}","templated":true}]}}