{"id":1290,"date":"2022-01-19T20:05:53","date_gmt":"2022-01-19T20:05:53","guid":{"rendered":"https:\/\/nachoescartin.es\/?p=1290"},"modified":"2022-01-19T20:05:53","modified_gmt":"2022-01-19T20:05:53","slug":"ausencias-y-extravios-de-yayo-herrero","status":"publish","type":"post","link":"https:\/\/nachoescartin.es\/an\/ausencias-y-extravios-de-yayo-herrero\/","title":{"rendered":"\u00abAusencias y extrav\u00edos\u00bb de Yayo Herrero"},"content":{"rendered":"<p style=\"text-align: justify;\">Con Yayo Herrero siempre se aprende. Desde hace a\u00f1os, nos ayuda a comprender mejor el mundo y a no paralizarnos ante las injusticias. Este libro camina en esa direcci\u00f3n. \u201cAusencias y extrav\u00edos\u201d son 6 textos en los que Yayo se expresa con claridad en su definici\u00f3n del momento vital en el que estamos, sociedad que habita un planeta finito que no da m\u00e1s de si.<\/p>\n<p style=\"text-align: justify;\">Estamos ante un pensamiento l\u00facido desde un planteamiento ecofeminista y anticapitalista, que aboga por organizar un decrecimiento material que nos permita crecer en alegr\u00edas y reparto de los placeres. Pese a la enorme tarea colectiva y las voces cada vez m\u00e1s n\u00edtidas y preocupantes de la comunidad cient\u00edfica, Yayo no nos hunde en el pesimismo. Su propuesta, a modo de s\u00edntesis, podr\u00eda ser: \u201cresponsabilidad y esperanza activa contra los monstruos del desamor\u201d.<\/p>\n<p style=\"text-align: justify;\">En esta edici\u00f3n de Contexto y Libros en Acci\u00f3n, Yayo Herrero comienza con el \u201cs\u00edndrome del astronauta\u201d a trav\u00e9s del cual nos describe con acierto nuestra sociedad que \u201cha crecido y se ha expandido en ausencia de gravedad. Y, ahora, en esta fase de aterrizaje forzoso al que nos aboca la crisis ecosocial, se ve obligada a reducir abruptamente el tama\u00f1o que adquiri\u00f3 en condiciones artificiales\u201d. Aunque algunos no lo quieran ver, cegados por la avaricia. Para nuestra sanaci\u00f3n y toma de tierra, Yayo nos propone \u201cla suficiencia, el reparto y el cuidado\u201d hacia una organizaci\u00f3n social basada en \u201cla cooperaci\u00f3n, el apoyo mutuo, la empat\u00eda y la priorizaci\u00f3n de la vida\u201d y que mire la realidad cara a cara, aceptando el miedo y convirti\u00e9ndolo en valor colectivo.<\/p>\n<p style=\"text-align: justify;\">Ante los l\u00edmites f\u00edsicos del planeta, Yayo reivindica \u201cla precauci\u00f3n de restar y el imperativo pol\u00edtico de dividir\u201d, es decir, respondernos \u201ccu\u00e1nto queda y a cu\u00e1nto tocamos\u201d, para hacer un ejercicio de amor que no deje a nadie atr\u00e1s. \u00a1Qu\u00e9 bien nos vendr\u00eda para una transici\u00f3n energ\u00e9tica justa afrontar con generosidad estas cuestiones!<\/p>\n<p style=\"text-align: justify;\">A diferencia de otros muchos textos que he le\u00eddo de Yayo Herrero, en este libro percibo (tal y como apunta Santiago Alba Rico en el pr\u00f3logo) que hay un cambio a mejor, digamos, literario. A la habitual solvencia cient\u00edfica y capacidad pedag\u00f3gica de Yayo, en este tomo aparecen notables referencias literarias que hacen a\u00fan m\u00e1s amena la lectura y la comprensi\u00f3n del mensaje. Quiz\u00e1s este estilo es, en si mismo, una asunci\u00f3n de la necesidad de esos \u201cestimulantes blandos\u201d de los que habla, \u201cimprescindibles para que aparezca el cambio, la creatividad y el conocimiento\u201d.<\/p>\n<p style=\"text-align: justify;\">Yayo incide en la importancia de la memoria \u201cecol\u00f3gica\u201d o \u201cbiocultural\u201d, que nos permita un di\u00e1logo entre los saberes del pasado hacia todo lo nuevo que podamos imaginar y construir ese \u201cmapa que nos orienta\u201d (en palabras de Marta Pascual en el ep\u00edlogo).<\/p>\n<p style=\"text-align: justify;\">Por \u00faltimo, Yayo ahonda en la responsabilidad en lugar de en la culpa, para afrontar los problemas y plantear soluciones con \u201cfuerza, potencia y capacidad de hacer\u201d, reconociendo nuestros privilegios \u201cque se erigen sobre la subalternidad de otros\u201d, como el patriarcado; o las \u201chuellas ecol\u00f3gicas desmedidas a costa de otros territorios\u201d, hacia una esperanza activa que genere poder popular.<\/p>\n<p style=\"text-align: justify;\">En s\u00edntesis, me parece muy buen libro para comprender mejor el mundo, desde la mirada l\u00facida y motivante de Yayo Herrero.<\/p>","protected":false},"excerpt":{"rendered":"<p>Con Yayo Herrero siempre se aprende. Desde hace a\u00f1os, nos ayuda a comprender mejor el mundo y a no paralizarnos [&hellip;]<\/p>\n","protected":false},"author":1,"featured_media":1291,"comment_status":"open","ping_status":"closed","sticky":false,"template":"","format":"standard","meta":{"site-sidebar-layout":"default","site-content-layout":"","ast-site-content-layout":"default","site-content-style":"default","site-sidebar-style":"default","ast-global-header-display":"","ast-banner-title-visibility":"","ast-main-header-display":"","ast-hfb-above-header-display":"","ast-hfb-below-header-display":"","ast-hfb-mobile-header-display":"","site-post-title":"","ast-breadcrumbs-content":"","ast-featured-img":"","footer-sml-layout":"","ast-disable-related-posts":"","theme-transparent-header-meta":"","adv-header-id-meta":"","stick-header-meta":"","header-above-stick-meta":"","header-main-stick-meta":"","header-below-stick-meta":"","astra-migrate-meta-layouts":"default","ast-page-background-enabled":"default","ast-page-background-meta":{"desktop":{"background-color":"","background-image":"","background-repeat":"repeat","background-position":"center center","background-size":"auto","background-attachment":"scroll","background-type":"","background-media":"","overlay-type":"","overlay-color":"","overlay-opacity":"","overlay-gradient":""},"tablet":{"background-color":"","background-image":"","background-repeat":"repeat","background-position":"center center","background-size":"auto","background-attachment":"scroll","background-type":"","background-media":"","overlay-type":"","overlay-color":"","overlay-opacity":"","overlay-gradient":""},"mobile":{"background-color":"","background-image":"","background-repeat":"repeat","background-position":"center center","background-size":"auto","background-attachment":"scroll","background-type":"","background-media":"","overlay-type":"","overlay-color":"","overlay-opacity":"","overlay-gradient":""}},"ast-content-background-meta":{"desktop":{"background-color":"var(--ast-global-color-5)","background-image":"","background-repeat":"repeat","background-position":"center center","background-size":"auto","background-attachment":"scroll","background-type":"","background-media":"","overlay-type":"","overlay-color":"","overlay-opacity":"","overlay-gradient":""},"tablet":{"background-color":"var(--ast-global-color-5)","background-image":"","background-repeat":"repeat","background-position":"center center","background-size":"auto","background-attachment":"scroll","background-type":"","background-media":"","overlay-type":"","overlay-color":"","overlay-opacity":"","overlay-gradient":""},"mobile":{"background-color":"var(--ast-global-color-5)","background-image":"","background-repeat":"repeat","background-position":"center center","background-size":"auto","background-attachment":"scroll","background-type":"","background-media":"","overlay-type":"","overlay-color":"","overlay-opacity":"","overlay-gradient":""}},"_joinchat":[],"footnotes":""},"categories":[26,25],"tags":[132,314,275,227,315,185,218,133,161],"class_list":["post-1290","post","type-post","status-publish","format-standard","has-post-thumbnail","hentry","category-cultivando","category-enredando","tag-ciencia","tag-decrecimiento","tag-ecofeminismo","tag-ecologia","tag-ecologismo-social","tag-ensayo","tag-filosofia","tag-libro","tag-literatura"],"_links":{"self":[{"href":"https:\/\/nachoescartin.es\/an\/wp-json\/wp\/v2\/posts\/1290","targetHints":{"allow":["GET"]}}],"collection":[{"href":"https:\/\/nachoescartin.es\/an\/wp-json\/wp\/v2\/posts"}],"about":[{"href":"https:\/\/nachoescartin.es\/an\/wp-json\/wp\/v2\/types\/post"}],"author":[{"embeddable":true,"href":"https:\/\/nachoescartin.es\/an\/wp-json\/wp\/v2\/users\/1"}],"replies":[{"embeddable":true,"href":"https:\/\/nachoescartin.es\/an\/wp-json\/wp\/v2\/comments?post=1290"}],"version-history":[{"count":0,"href":"https:\/\/nachoescartin.es\/an\/wp-json\/wp\/v2\/posts\/1290\/revisions"}],"wp:featuredmedia":[{"embeddable":true,"href":"https:\/\/nachoescartin.es\/an\/wp-json\/wp\/v2\/media\/1291"}],"wp:attachment":[{"href":"https:\/\/nachoescartin.es\/an\/wp-json\/wp\/v2\/media?parent=1290"}],"wp:term":[{"taxonomy":"category","embeddable":true,"href":"https:\/\/nachoescartin.es\/an\/wp-json\/wp\/v2\/categories?post=1290"},{"taxonomy":"post_tag","embeddable":true,"href":"https:\/\/nachoescartin.es\/an\/wp-json\/wp\/v2\/tags?post=1290"}],"curies":[{"name":"wp","href":"https:\/\/api.w.org\/{rel}","templated":true}]}}