{"id":1285,"date":"2022-01-11T17:49:39","date_gmt":"2022-01-11T17:49:39","guid":{"rendered":"https:\/\/nachoescartin.es\/?p=1285"},"modified":"2022-01-11T17:49:39","modified_gmt":"2022-01-11T17:49:39","slug":"arquitecturas-del-cuidado-hacia-un-envejecimiento-activista-de-irati-mogollon-garcia-y-ana-fernandez-cubero","status":"publish","type":"post","link":"https:\/\/nachoescartin.es\/an\/arquitecturas-del-cuidado-hacia-un-envejecimiento-activista-de-irati-mogollon-garcia-y-ana-fernandez-cubero\/","title":{"rendered":"\u201cArquitecturas del cuidado. Hacia un envejecimiento activista\u201d de Irati Mogoll\u00f3n Garc\u00eda y Ana Fern\u00e1ndez Cubero"},"content":{"rendered":"<p style=\"text-align: justify;\">\u00bfLlegaremos a mayores? \u00bfQui\u00e9n cuidar\u00e1 de nosotros? \u00bfTendr\u00e9 que ir a una residencia? \u00bfHay alternativas colectivas de envejecimiento?<\/p>\n<p style=\"text-align: justify;\">En el \u00faltimo n\u00famero de la revista <a href=\"https:\/\/opcions.org\/es\/\" target=\"_blank\" rel=\"noopener\">Opcions<\/a> le\u00ed una entrevista a Irati Mogoll\u00f3n que me pareci\u00f3 muy interesante. Por eso encargu\u00e9 este libro en mi librer\u00eda favorita y lo he le\u00eddo con mucho inter\u00e9s. Casi todas las personas aspiramos a una vida larga y, por tanto, a una vejez digna y con actividad. Y este libro va de esto, pero no solo.<\/p>\n<p style=\"text-align: justify;\">\nLas dos autoras han estudiado la vida en comunidad de las personas mayores y han plasmado en este volumen, editado por Icaria, una versi\u00f3n m\u00e1s divulgativa de sus investigaciones, que comienzan con un aterrizaje te\u00f3rico, nos acercan distintos proyectos europeos de referencia y acaba con distintos debates inacabados, pol\u00e9micas y propuestas diversas. Se trata de pensar juntas qu\u00e9 ser\u00e1 de nosotras cuando seamos mayores, una reflexi\u00f3n que deber\u00eda ser troncal en una sociedad como la nuestra, cada vez m\u00e1s envejecida o con signos claros de edadismo y discriminaciones por envejecer. Este libro ayuda a reivindicar el derecho a envejecer y a que sea parte de un proceso colectivo.<\/p>\n<p style=\"text-align: justify;\">Hablar de la vejez en Espa\u00f1a es hablar en femenino y con precariedad, de cuerpos con l\u00edmites, dependencia, carga de cuidados y trabajo dom\u00e9stico, residencias, vulnerabilidad e interdependencia en un mundo cada vez m\u00e1s individualizado y competitivo. Y hablar de vivienda en Espa\u00f1a es hablar de especulaci\u00f3n, presi\u00f3n tur\u00edstica, cultura de la propiedad, estructuras cl\u00e1sicas. Es decir, el reto de aunar estas dos variables se antoja complejo y las autoras lo consiguen, desde un enfoque feminista, comunitario e ilusionante.<\/p>\n<p style=\"text-align: justify;\">Por eso viene muy bien conocer qu\u00e9 se ha hecho antes en otros lugares. Las autoras nos acercan a proyectos de Suecia, Alemania, Dinamarca de los que aprendemos sus experiencias, su intimidad, la colaboraci\u00f3n con instituciones p\u00fablicas, cooperativas y otros reg\u00edmenes jur\u00eddicos y econ\u00f3micos, espacios de socializaci\u00f3n, grupos de trabajo para cocina o limpieza, gobernanzas participativas y herramientas para la resoluci\u00f3n de conflictos, entre otras muchas variables que se detallan en el libro y que me han resultado muy motivadoras para mostrar que hay alternativas que existen, son reales y pueden inspirar.<\/p>\n<p style=\"text-align: justify;\">Las autoras no idealizan los proyectos de viviendas colaborativas para mayores. De hecho, invitan a no intentar copiarlos, sino crear desde la experiencia en movimientos sociales y grupos, la realidad local y el entorno, los espacios de socializaci\u00f3n que mejor se adapten a nuestras necesidades y voluntades. Porque son muchos los obst\u00e1culos administrativos, jur\u00eddicos, econ\u00f3micos, grupales\u2026 y no existe un modelo ideal. Por eso les gusta hablar de arquitecturas del cuidado, porque hay m\u00e1s opciones para que los cuidados salgan de los rincones dom\u00e9sticos \u201cy se coloquen visiblemente en los espacios comunes y p\u00fablicos\u201d.<\/p>\n<p style=\"text-align: justify;\">Somos conscientes de que hay \u201cuna nueva ola de consciencia de las personas mayores\u201d que reivindican el derecho a una vejez digna, movilizaciones de personas jubiladas, grupos que promueven viviendas colaborativas\u2026 entre todas logramos que, china chana, \u201cla vida en su conjunto tiene que entrar en la agenda pol\u00edtica y ser una responsabilidad social y com\u00fan\u201d.<\/p>","protected":false},"excerpt":{"rendered":"<p>\u00bfLlegaremos a mayores? \u00bfQui\u00e9n cuidar\u00e1 de nosotros? \u00bfTendr\u00e9 que ir a una residencia? \u00bfHay alternativas colectivas de envejecimiento? En el [&hellip;]<\/p>\n","protected":false},"author":1,"featured_media":1286,"comment_status":"open","ping_status":"closed","sticky":false,"template":"","format":"standard","meta":{"site-sidebar-layout":"default","site-content-layout":"","ast-site-content-layout":"default","site-content-style":"default","site-sidebar-style":"default","ast-global-header-display":"","ast-banner-title-visibility":"","ast-main-header-display":"","ast-hfb-above-header-display":"","ast-hfb-below-header-display":"","ast-hfb-mobile-header-display":"","site-post-title":"","ast-breadcrumbs-content":"","ast-featured-img":"","footer-sml-layout":"","ast-disable-related-posts":"","theme-transparent-header-meta":"","adv-header-id-meta":"","stick-header-meta":"","header-above-stick-meta":"","header-main-stick-meta":"","header-below-stick-meta":"","astra-migrate-meta-layouts":"default","ast-page-background-enabled":"default","ast-page-background-meta":{"desktop":{"background-color":"","background-image":"","background-repeat":"repeat","background-position":"center center","background-size":"auto","background-attachment":"scroll","background-type":"","background-media":"","overlay-type":"","overlay-color":"","overlay-opacity":"","overlay-gradient":""},"tablet":{"background-color":"","background-image":"","background-repeat":"repeat","background-position":"center center","background-size":"auto","background-attachment":"scroll","background-type":"","background-media":"","overlay-type":"","overlay-color":"","overlay-opacity":"","overlay-gradient":""},"mobile":{"background-color":"","background-image":"","background-repeat":"repeat","background-position":"center center","background-size":"auto","background-attachment":"scroll","background-type":"","background-media":"","overlay-type":"","overlay-color":"","overlay-opacity":"","overlay-gradient":""}},"ast-content-background-meta":{"desktop":{"background-color":"var(--ast-global-color-5)","background-image":"","background-repeat":"repeat","background-position":"center center","background-size":"auto","background-attachment":"scroll","background-type":"","background-media":"","overlay-type":"","overlay-color":"","overlay-opacity":"","overlay-gradient":""},"tablet":{"background-color":"var(--ast-global-color-5)","background-image":"","background-repeat":"repeat","background-position":"center center","background-size":"auto","background-attachment":"scroll","background-type":"","background-media":"","overlay-type":"","overlay-color":"","overlay-opacity":"","overlay-gradient":""},"mobile":{"background-color":"var(--ast-global-color-5)","background-image":"","background-repeat":"repeat","background-position":"center center","background-size":"auto","background-attachment":"scroll","background-type":"","background-media":"","overlay-type":"","overlay-color":"","overlay-opacity":"","overlay-gradient":""}},"_joinchat":[],"footnotes":""},"categories":[26,25],"tags":[570,571,62,539,572,274,573,413,129,304,574,416,575,576],"class_list":["post-1285","post","type-post","status-publish","format-standard","has-post-thumbnail","hentry","category-cultivando","category-enredando","tag-activismo","tag-alemania","tag-alternativas","tag-cooperacion","tag-cooperativas","tag-cuidados","tag-dinamarca","tag-envejecimiento","tag-espana","tag-mayores","tag-suecia","tag-vejez","tag-vivienda","tag-viviendas-colaborativas"],"_links":{"self":[{"href":"https:\/\/nachoescartin.es\/an\/wp-json\/wp\/v2\/posts\/1285","targetHints":{"allow":["GET"]}}],"collection":[{"href":"https:\/\/nachoescartin.es\/an\/wp-json\/wp\/v2\/posts"}],"about":[{"href":"https:\/\/nachoescartin.es\/an\/wp-json\/wp\/v2\/types\/post"}],"author":[{"embeddable":true,"href":"https:\/\/nachoescartin.es\/an\/wp-json\/wp\/v2\/users\/1"}],"replies":[{"embeddable":true,"href":"https:\/\/nachoescartin.es\/an\/wp-json\/wp\/v2\/comments?post=1285"}],"version-history":[{"count":0,"href":"https:\/\/nachoescartin.es\/an\/wp-json\/wp\/v2\/posts\/1285\/revisions"}],"wp:featuredmedia":[{"embeddable":true,"href":"https:\/\/nachoescartin.es\/an\/wp-json\/wp\/v2\/media\/1286"}],"wp:attachment":[{"href":"https:\/\/nachoescartin.es\/an\/wp-json\/wp\/v2\/media?parent=1285"}],"wp:term":[{"taxonomy":"category","embeddable":true,"href":"https:\/\/nachoescartin.es\/an\/wp-json\/wp\/v2\/categories?post=1285"},{"taxonomy":"post_tag","embeddable":true,"href":"https:\/\/nachoescartin.es\/an\/wp-json\/wp\/v2\/tags?post=1285"}],"curies":[{"name":"wp","href":"https:\/\/api.w.org\/{rel}","templated":true}]}}