{"id":1273,"date":"2021-12-29T19:55:03","date_gmt":"2021-12-29T19:55:03","guid":{"rendered":"https:\/\/nachoescartin.es\/?p=1273"},"modified":"2021-12-29T19:55:03","modified_gmt":"2021-12-29T19:55:03","slug":"azucre-de-bibiana-candia","status":"publish","type":"post","link":"https:\/\/nachoescartin.es\/an\/azucre-de-bibiana-candia\/","title":{"rendered":"Azucre de Bibiana Candia"},"content":{"rendered":"<p style=\"text-align: justify;\">Rapaces que viajan de sus aldeas gallegas a Coru\u00f1a y de ah\u00ed, en barco, a La Habana. De Galicia a Cuba. La isla es todo el tiempo el lugar de las primeras veces para estos ni\u00f1os gallegos: palmeras, ropa limpia, pl\u00e1tanos, un sol que deslumbra, el calor h\u00famedo, carros de colores, negros y mulatos, mujeres sin verg\u00fcenza, calles estrechas llenas de tiendas, ferrocariil, palabras que cambian de una orilla a otra del oc\u00e9ano, el mar de ca\u00f1a de az\u00facar<\/p>\n<p style=\"text-align: justify;\">Cada ni\u00f1o dej\u00f3 atr\u00e1s su propia historia, sus madres y padres, sus hermanos, sus mujeres, sus hijos, sus muertos, sus bailes y fiestas, sus peleas y causas pendientes\u2026 en Cuba la esclavitud est\u00e1 presente a\u00fan en el encierro, las 16 horas de trabajo diario y las nohes de 4 horas de sue\u00f1o, el miedo y la furia, las nubes de pulgas, los delirios de la fiebre, las \u00f3rdenes, los latigazos y las torturas de los capataces, la huida y la prisi\u00f3n.<\/p>\n<p style=\"text-align: justify;\">\u00bfPuede doler tanto un cuerpo? La mu\u00f1eira se convierte en un baile de esclavos. Estos ni\u00f1os esclavos existieron. Algunos\u00a0 enviaron cartas de socorro, en las que ped\u00edan que les sacaran de ese enga\u00f1o. Bibiana Cand\u00eda ha recuperado sus historias, en tiempos en los que algunos tratan de olvidar y repetir que empresas criminales, ayer y hoy, se benefician del trabajo esclavo de ni\u00f1os y j\u00f3venes como estos.<\/p>\n<p style=\"text-align: justify;\">\u201cAzucre\u201d, editado por Pepitas de Calabaza, es su primera novela, corta y accesible, de p\u00e1rrafos certeros y llenos del sufrimiento y el enga\u00f1o de aquellos d\u00edas. Recordemos siempre a los racistas ignorantes que nuestros abuelos tambi\u00e9n fueron inmigrantes.<\/p>\n<p>&nbsp;<\/p>","protected":false},"excerpt":{"rendered":"<p>Rapaces que viajan de sus aldeas gallegas a Coru\u00f1a y de ah\u00ed, en barco, a La Habana. De Galicia a [&hellip;]<\/p>\n","protected":false},"author":1,"featured_media":1274,"comment_status":"open","ping_status":"closed","sticky":false,"template":"","format":"standard","meta":{"site-sidebar-layout":"default","site-content-layout":"","ast-site-content-layout":"default","site-content-style":"default","site-sidebar-style":"default","ast-global-header-display":"","ast-banner-title-visibility":"","ast-main-header-display":"","ast-hfb-above-header-display":"","ast-hfb-below-header-display":"","ast-hfb-mobile-header-display":"","site-post-title":"","ast-breadcrumbs-content":"","ast-featured-img":"","footer-sml-layout":"","ast-disable-related-posts":"","theme-transparent-header-meta":"","adv-header-id-meta":"","stick-header-meta":"","header-above-stick-meta":"","header-main-stick-meta":"","header-below-stick-meta":"","astra-migrate-meta-layouts":"default","ast-page-background-enabled":"default","ast-page-background-meta":{"desktop":{"background-color":"","background-image":"","background-repeat":"repeat","background-position":"center center","background-size":"auto","background-attachment":"scroll","background-type":"","background-media":"","overlay-type":"","overlay-color":"","overlay-opacity":"","overlay-gradient":""},"tablet":{"background-color":"","background-image":"","background-repeat":"repeat","background-position":"center center","background-size":"auto","background-attachment":"scroll","background-type":"","background-media":"","overlay-type":"","overlay-color":"","overlay-opacity":"","overlay-gradient":""},"mobile":{"background-color":"","background-image":"","background-repeat":"repeat","background-position":"center center","background-size":"auto","background-attachment":"scroll","background-type":"","background-media":"","overlay-type":"","overlay-color":"","overlay-opacity":"","overlay-gradient":""}},"ast-content-background-meta":{"desktop":{"background-color":"var(--ast-global-color-5)","background-image":"","background-repeat":"repeat","background-position":"center center","background-size":"auto","background-attachment":"scroll","background-type":"","background-media":"","overlay-type":"","overlay-color":"","overlay-opacity":"","overlay-gradient":""},"tablet":{"background-color":"var(--ast-global-color-5)","background-image":"","background-repeat":"repeat","background-position":"center center","background-size":"auto","background-attachment":"scroll","background-type":"","background-media":"","overlay-type":"","overlay-color":"","overlay-opacity":"","overlay-gradient":""},"mobile":{"background-color":"var(--ast-global-color-5)","background-image":"","background-repeat":"repeat","background-position":"center center","background-size":"auto","background-attachment":"scroll","background-type":"","background-media":"","overlay-type":"","overlay-color":"","overlay-opacity":"","overlay-gradient":""}},"_joinchat":[],"footnotes":""},"categories":[26],"tags":[559,560,561,562,130,431,133,381,125,37],"class_list":["post-1273","post","type-post","status-publish","format-standard","has-post-thumbnail","hentry","category-cultivando","tag-cuba","tag-esclavitud","tag-esclavos","tag-galicia","tag-historia","tag-inmigracion","tag-libro","tag-ninos","tag-novela","tag-trabajo"],"_links":{"self":[{"href":"https:\/\/nachoescartin.es\/an\/wp-json\/wp\/v2\/posts\/1273","targetHints":{"allow":["GET"]}}],"collection":[{"href":"https:\/\/nachoescartin.es\/an\/wp-json\/wp\/v2\/posts"}],"about":[{"href":"https:\/\/nachoescartin.es\/an\/wp-json\/wp\/v2\/types\/post"}],"author":[{"embeddable":true,"href":"https:\/\/nachoescartin.es\/an\/wp-json\/wp\/v2\/users\/1"}],"replies":[{"embeddable":true,"href":"https:\/\/nachoescartin.es\/an\/wp-json\/wp\/v2\/comments?post=1273"}],"version-history":[{"count":0,"href":"https:\/\/nachoescartin.es\/an\/wp-json\/wp\/v2\/posts\/1273\/revisions"}],"wp:featuredmedia":[{"embeddable":true,"href":"https:\/\/nachoescartin.es\/an\/wp-json\/wp\/v2\/media\/1274"}],"wp:attachment":[{"href":"https:\/\/nachoescartin.es\/an\/wp-json\/wp\/v2\/media?parent=1273"}],"wp:term":[{"taxonomy":"category","embeddable":true,"href":"https:\/\/nachoescartin.es\/an\/wp-json\/wp\/v2\/categories?post=1273"},{"taxonomy":"post_tag","embeddable":true,"href":"https:\/\/nachoescartin.es\/an\/wp-json\/wp\/v2\/tags?post=1273"}],"curies":[{"name":"wp","href":"https:\/\/api.w.org\/{rel}","templated":true}]}}