{"id":1241,"date":"2021-10-03T16:01:06","date_gmt":"2021-10-03T16:01:06","guid":{"rendered":"http:\/\/nachoescartin.es\/?p=1241"},"modified":"2021-10-03T16:01:06","modified_gmt":"2021-10-03T16:01:06","slug":"con-todo-de-inigo-errejon","status":"publish","type":"post","link":"https:\/\/nachoescartin.es\/an\/con-todo-de-inigo-errejon\/","title":{"rendered":"\u201cCon todo\u201d de \u00cd\u00f1igo Errej\u00f3n"},"content":{"rendered":"<p style=\"text-align: justify;\">\u00cd\u00f1igo Errej\u00f3n hace catarsis en este libro. Se aleja, por un momento, de sus an\u00e1lisis intelectuales y estrat\u00e9gicos y se centra en hacer memoria y compartir sus sentimientos, emociones y vivencias en estos a\u00f1os trepidantes, como protagonista indiscutible del primer Podemos junto a Pablo Iglesias y tantas otras personas v\u00e1lidas para el cambio social, algunas de las cuales se han ido alejando o han sido expulsadas del proyecto com\u00fan. Aviso: va una rese\u00f1a larga que me sirve para colocar mis propias reflexiones.<\/p>\n<p style=\"text-align: justify;\">\nNada que reprochar a los recuerdos de \u00cd\u00f1igo y su particular punto de vista sobre acontecimientos que yo personalmente he vivido de cerca y algunos en primera l\u00ednea. Como sabemos, esto no va de peleas entre amigos ni de luchas de poder. O no solo. Hay detr\u00e1s un conflicto pol\u00edtico, desde c\u00f3mo comunicar y dise\u00f1ar las campa\u00f1as, a qu\u00e9 alianzas tejer y c\u00f3mo hacer pueblo.<\/p>\n<p style=\"text-align: justify;\">\nEn la construcci\u00f3n de Ganemos Zaragoza, all\u00e1 por el a\u00f1o 2014, la principal novedad con respecto a confluencias anteriores de partidos y gentes de izquierdas, era que el protagonismo y la metodolog\u00eda de las reuniones era ciudadana y de abajo. Ll\u00e1mala popular si quieres, pero no aparatera, ni controlada por direcciones de partidos. Los partidos que se sumaron tambi\u00e9n y fueron bien recibidos. Esto pas\u00f3 en la ciudad del cierzo y en otras ciudades del cambio. Las candidaturas que ganaron ayuntamientos partieron de un magma nuevo, con m\u00e1s participaci\u00f3n y m\u00e1s presencia de personas no adscritas a un partido. Gentes que quer\u00edan, que quer\u00edamos, hacer pol\u00edtica institucional, algunas por primera vez.<\/p>\n<p style=\"text-align: justify;\">\nPodemos naci\u00f3 en Madrid y en estos 7 a\u00f1os ha sufrido la losa madridista, centralista, la visi\u00f3n sesgada y corta de quien vive en la capital y desconoce el d\u00eda a d\u00eda de los territorios a los que quiere representar. Esto se sabe y mana en el libro de Errej\u00f3n. Desde el primer momento la maquinaria de guerra electoral se dise\u00f1\u00f3 en Madrid. Cont\u00f3 con un l\u00edder s\u00faper preparado para la comunicaci\u00f3n pol\u00edtica, Pablo Iglesias, el mejor para teles y m\u00edtines. Cont\u00f3 con gente inteligente en la preparaci\u00f3n de discursos, campa\u00f1as y mensajes impactantes. Aquel primer Podemos busc\u00f3 lo nuevo, arriesg\u00f3, se sali\u00f3 de los c\u00f3digos conocidos de las organizaciones de izquierdas. Intent\u00f3 llegar a m\u00e1s gente con un tono quiz\u00e1s m\u00e1s amable, buscando aglutinar y seducir a las personas que quiz\u00e1s no se implican ni implicar\u00e1n en el d\u00eda a d\u00eda de la militancia. Pero votan. Y pueden votar al PSOE, a Podemos, a Ciudadanos o quedarse en casa.<\/p>\n<p style=\"text-align: justify;\">\nPara m\u00ed, desde que me impliqu\u00e9 en la apuesta institucional tuve claro que ese era el principal reto. Y lo sigo pensando. Tener raz\u00f3n no es suficiente, levantar las banderas de La Verdad no sirven para ganar. Hay que conectar con nuestra gente, con quienes convivimos en escuelas, trabajos, calles y pueblos. Y eso pasa por una implicaci\u00f3n cotidiana y una agregaci\u00f3n de lenguajes y pertenencias. Para m\u00ed, exige tambi\u00e9n una vida cara a cara, mano a mano, con la gente, no solo la emisi\u00f3n de mensajes hacia el pueblo, sino ser pueblo, estar en las din\u00e1micas de vida, de trabajo, de sociabilidad, de irritaci\u00f3n y de construcci\u00f3n del d\u00eda a d\u00eda. No solo en el colectivo de afines, sino en espacios m\u00e1s amplios, donde afloran las contradicciones y la mezcla, donde acontecen las miserias y grandezas de la vida en com\u00fan.<\/p>\n<p style=\"text-align: justify;\">\nErrej\u00f3n habla de todo esto y mucho m\u00e1s. No puede evitar intercalar reflexiones m\u00e1s profundas sobre los aspectos clave que \u00e9l considera como fundamentales para labrar un futuro mejor y que condensa en 6 excursos que pueden leerse de forma aut\u00f3noma y yo he reservado para el final: democracia y pol\u00edtica (\u201cel orden pol\u00edtico es resultado de una disputa que no se cierra nunca\u201d); hegemon\u00eda y pueblo (\u201clas victorias pol\u00edticas est\u00e1n siempre precedidas de victorias culturales\u201d); patriotismo y plurinacionalidad (\u201cla naci\u00f3n es siempre la creaci\u00f3n de la comunidad c\u00edvica, no encerrada en su pasado\u201d); transversalidad (\u201cla izquierda es un medio, no un fin\u201d); transici\u00f3n ecol\u00f3gica y acuerdo verde (\u201cseducir y persuadir sobre el mejor ma\u00f1ana que podemos tener\u201d); y libertad (\u201cidea republicana y positiva de la libertad (\u2026) con instituciones sociales que proveen una base material para la existencia social aut\u00f3noma\u201d). Son cuestiones, que junto al feminismo, est\u00e1n en primera l\u00ednea de su construcci\u00f3n pol\u00edtica, antes en Podemos y hoy en M\u00e1s Pa\u00eds. Tambi\u00e9n a\u00f1ade una reflexi\u00f3n final a ra\u00edz de la pandemia, sobre la importancia de la comunidad con la consciencia de nuestra fragilidad.<\/p>\n<p style=\"text-align: justify;\">\nLo que es menos conocido es c\u00f3mo vivi\u00f3 \u00e9l lo que pas\u00f3 en Podemos. Su relato. Yo, en parte, conoc\u00eda episodios, porque estaba presente o porque en estos a\u00f1os he tenido la suerte de conversar en espacios m\u00e1s o menos sosegados con \u00cd\u00f1igo, con Pablo y con algunas de las personas que nombra en su libro. Recuerdo, por ejemplo, c\u00f3mo el anuncio de la candidatura de M\u00e1s Madrid, de Carmena con \u00cd\u00f1igo, nos pill\u00f3 en plena reuni\u00f3n de trabajo en Zaragoza, en la sede de Podemos, con personas de varias Comunidades Aut\u00f3nomas compartiendo iniciativas para ser mejores. En ese momento hab\u00eda personas de Madrid, cercanas a \u00cd\u00f1igo, a las que ese anuncio les pill\u00f3 por sorpresa. As\u00ed son las cosas en la vor\u00e1gine pol\u00edtica y comunicativa, en un contexto de cloacas medi\u00e1ticas, filtraciones y desconfianzas en el seno de los partidos.<\/p>\n<p style=\"text-align: justify;\">\nEn el libro \u00cd\u00f1igo apunta una cuesti\u00f3n que para m\u00ed es clave y en la que a veces se pone menos el acento en los an\u00e1lisis de este ciclo: la importancia de la construcci\u00f3n pol\u00edtica desde la singularidad de cada lugar. Lo que despectivamente se ha se\u00f1alado como \u201cbaron\u00edas\u201d y por lo cual yo mismo fui marcado y apartado, es la voluntad m\u00e1s clara de construir organizaci\u00f3n y proyecto pol\u00edtico desde lo que somos, que en gran parte es com\u00fan pero que debe respetar y entender las particularidades, identidades y adscripciones hist\u00f3ricas, culturales y nacionales de cada territorio. Sin entender (y practicar) esto es imposible hacer un proyecto diverso y estable, que permita que cada quien est\u00e9 c\u00f3modo en su lugar, sin injerencias ni imposiciones \u201cdesde Madrid\u201d. Este error, para m\u00ed, es fundamental para comprender la deriva de Podemos, en un contexto en el que la plurinacionalidad y lo territorial es uno de los nudos del conflicto pol\u00edtico actual.<\/p>\n<p style=\"text-align: justify;\">\nPero no es el \u00fanico nudo. \u00cd\u00f1igo insiste en las tesis que defiende desde el principio: \u201ces m\u00e1s transformador que mil den un paso que que diez demos cien pasos\u201d, por lo que siempre hay que \u201cnegociar la distancia entre tus convicciones y las de tu sociedad\u201d. \u201cCorrer menos para construir pueblo\u201d; Cuanto peor no es mejor; Militantes de partido y votantes no son iguales ni piensan exactamente lo mismo. No quiere convertirse en Izquierda Unida y no cree que 2+2 siempre sumen 4. \u201cHace falta otra cosa\u201d. Los resultados son evidentes al respecto. \u201cLa unidad no es la soluci\u00f3n. La diversidad s\u00ed\u201d. A veces la suma no multiplica y adem\u00e1s resta. Y, por supuesto, la cooperaci\u00f3n entre proyectos cercanos no tiene por qu\u00e9 convertirse en unidad uniformizadora, que ahonda en mirar m\u00e1s al pasado que al futuro, que perpetua los ejes \u201cizquierda-derecha\u201d y dificulta construir algo nuevo y trazar el puente entre el 15M y las luchas de las de abajo, sin repetir lenguajes de trinchera, est\u00e9ticas y resultados de las izquierdas tradicionales espa\u00f1olas. Yo mismo grit\u00e9 en Vistalegre II \u201cUnidad, unidad\u201d sin ser consciente de que \u201cunidad no es el consenso\u201d; recuerdo que en las Primarias vot\u00e9 documentos y personas de las tres listas (de Pablo, de \u00cd\u00f1igo y de Anticapitalistas), incluso lo hice p\u00fablico y, sin embargo, durante a\u00f1os se me ha \u201cinsultado\u201d como \u201cerrejoner\u201d. \u00a1Qu\u00e9 cosa m\u00e1s banal para quien entr\u00f3 en Podemos, implicado en el primer Zaragoza en Com\u00fan, para contribuir a ser pueblo con much\u00edsima m\u00e1s gente que ve\u00eda en los C\u00edrculos aragoneses y que me animaban a implicarme! Y aqu\u00ed sigo.<\/p>\n<p style=\"text-align: justify;\">\n\u201cNos hacemos mayores a toda ostia\u201d. \u00cd\u00f1igo cuenta al detalle por qu\u00e9 en ese primer Podemos catapultaron y llenaron de poder la figura del Secretario General, Pablo Iglesias. Por qu\u00e9 despreciaron la posibilidad de que Podemos se presentara con m\u00e1s visibilidad en las candidaturas del cambio, con la contradicci\u00f3n, la distorsi\u00f3n y el enorme conflicto que supuso a\u00f1os despu\u00e9s en todas partes, en el nivel municipal. Por qu\u00e9 impidieron desde Madrid que en mayo de 2015 conform\u00e1ramos gobiernos de coalici\u00f3n en algunas Comunidades Aut\u00f3nomas, como Arag\u00f3n (donde el PSOE de Lamb\u00e1n apenas nos super\u00f3 por 5.000 votos). Por qu\u00e9 apostaron por un modelo de partido en el que las minor\u00edas y las corrientes son infrarrepresentadas, machacadas y expulsadas. Incluso reconoce que algunos de sus propios dise\u00f1os acabaron por contribuir a su partida.<\/p>\n<p style=\"text-align: justify;\">\nYo no considero que me haya fastidiado la vida, como repite \u00cd\u00f1igo. Su implicaci\u00f3n y exposici\u00f3n, desde luego, no es la misma. Es distinta. Vivir en un pueblo tiene sus cosas tambi\u00e9n. Casi todas buenas. Para m\u00ed este ciclo es de los m\u00e1s hermosos de mi vida. Tambi\u00e9n con todas sus miserias, renuncias y decepciones. Compartimos en que la vida interna de los partidos es horrible. Lo s\u00e9 por Podemos, pero conozco y charro con personas de CHA, de IU\u2026. Incluso del PSOE, de Ciudadanos o del PP y recuerdo que una diputada popular me dijo hace a\u00f1os \u201cen la vida hay amigos, enemigos\u2026 y compa\u00f1eros de partido\u201d. Y es as\u00ed. Hay mucho de mediocridad, de obediencia y patriotismo de partido, de traiciones, de recelos, de silencios c\u00f3mplices, de pu\u00f1aladas por la espalda, de qu\u00edtate t\u00fa pa ponerme yo, de dar trabajo a \u201clos tuyos\u201d. Y eso aleja a mucha gente noble, meritoria y con capacidades de aportar hacia un mundo mejor.<\/p>\n<p style=\"text-align: justify;\">\nVuelvo al libro. \u00cd\u00f1igo insiste tambi\u00e9n en que si te metes a fondo en pol\u00edtica \u201chay que tener banda\u201d porque \u201cno hay cuerpo que se sostenga solo\u201d. Nos presenta qui\u00e9nes son sus amigos, sus compa\u00f1eros pol\u00edticos y grupos de afinidad desde su militancia libertaria, referentes intelectuales y acad\u00e9micos, en universidades, en Podemos, en M\u00e1s Pa\u00eds. Igual que \u201cnadie es libre sin comunidad\u201d, es casi imposible hacer pol\u00edtica sin una tribu. No carga las tintas (solo) contra otros, asume su parte de responsabilidad (algunas veces grande) y reconoce que \u201cen la hip\u00f3tesis Podemos vamos todos, va la derrota de no haberlo hecho mejor\u201d.<\/p>\n<p style=\"text-align: justify;\">\nMe ha chocado, por decir algo m\u00e1s, que en su cronolog\u00eda vital \u00cd\u00f1igo no menciona el encuentro de Podemos en el pabell\u00f3n siglo XXI de Zaragoza, en 2017, unos d\u00edas antes de que fuera elegido Secretario General de Podemos Arag\u00f3n. Me ha extra\u00f1ado que no lo cuente. Tampoco sale Nacho \u00c1lvarez, hoy Secretario de Estado en temas de pol\u00edticas sociales y econ\u00f3micas en el Gobierno de Espa\u00f1a y cre\u00eda que ten\u00edan m\u00e1s cercan\u00eda.<\/p>\n<p style=\"text-align: justify;\">\n\u201cEstamos en pleno regreso del p\u00e9ndulo en sentido reaccionario, en reflujo de la marea como resultado de que el primer Podemos y su promesa de democratizaci\u00f3n del pa\u00eds no llegaron al coraz\u00f3n del Estado. Tras esa expansi\u00f3n de que los mejores sue\u00f1os son posibles, vienen la contracci\u00f3n, la antipol\u00edtica, el cinismo y la desconfianza con lo p\u00fablico. Se ha erosionado la confianza del pueblo espa\u00f1ol en sus propias fuerzas, se ha derechizado el clima pol\u00edtico y los reaccionarios est\u00e1n a la ofensiva cultural. Contra la realidad plurinacional de nuestro pa\u00eds; contra el ciclo abierto por el 15M y sus expresiones, y contra el feminismo, el movimiento social democratizador m\u00e1s potente de la historia reciente de Espa\u00f1a, al que por ello atacan. A cada revoluci\u00f3n inconcusa le sigue una contrarrevoluci\u00f3n\u201d.<\/p>\n<p style=\"text-align: justify;\">\nCon todo, seguimos vivos. \u201cEstar vivos ya es una cierta victoria\u201d. Con m\u00e1s experiencia. Con m\u00e1s canas. Algunos, con la misma alegr\u00eda e ilusi\u00f3n. Conscientes de que \u201ceste Gobierno que ha nacido contra la derecha no sobrevivir\u00e1 contra la derecha\u201d, que \u201cning\u00fan orden es para siempre\u201d, que \u201cen el poder se est\u00e1 de paso\u201d. Con valent\u00eda, con convicci\u00f3n, con rasmia, sin miedo a la evoluci\u00f3n. Por un futuro mejor.<\/p>","protected":false},"excerpt":{"rendered":"<p>\u00cd\u00f1igo Errej\u00f3n hace catarsis en este libro. Se aleja, por un momento, de sus an\u00e1lisis intelectuales y estrat\u00e9gicos y se [&hellip;]<\/p>\n","protected":false},"author":1,"featured_media":1242,"comment_status":"open","ping_status":"closed","sticky":false,"template":"","format":"standard","meta":{"site-sidebar-layout":"default","site-content-layout":"","ast-site-content-layout":"default","site-content-style":"default","site-sidebar-style":"default","ast-global-header-display":"","ast-banner-title-visibility":"","ast-main-header-display":"","ast-hfb-above-header-display":"","ast-hfb-below-header-display":"","ast-hfb-mobile-header-display":"","site-post-title":"","ast-breadcrumbs-content":"","ast-featured-img":"","footer-sml-layout":"","ast-disable-related-posts":"","theme-transparent-header-meta":"","adv-header-id-meta":"","stick-header-meta":"","header-above-stick-meta":"","header-main-stick-meta":"","header-below-stick-meta":"","astra-migrate-meta-layouts":"default","ast-page-background-enabled":"default","ast-page-background-meta":{"desktop":{"background-color":"","background-image":"","background-repeat":"repeat","background-position":"center center","background-size":"auto","background-attachment":"scroll","background-type":"","background-media":"","overlay-type":"","overlay-color":"","overlay-opacity":"","overlay-gradient":""},"tablet":{"background-color":"","background-image":"","background-repeat":"repeat","background-position":"center center","background-size":"auto","background-attachment":"scroll","background-type":"","background-media":"","overlay-type":"","overlay-color":"","overlay-opacity":"","overlay-gradient":""},"mobile":{"background-color":"","background-image":"","background-repeat":"repeat","background-position":"center center","background-size":"auto","background-attachment":"scroll","background-type":"","background-media":"","overlay-type":"","overlay-color":"","overlay-opacity":"","overlay-gradient":""}},"ast-content-background-meta":{"desktop":{"background-color":"var(--ast-global-color-5)","background-image":"","background-repeat":"repeat","background-position":"center center","background-size":"auto","background-attachment":"scroll","background-type":"","background-media":"","overlay-type":"","overlay-color":"","overlay-opacity":"","overlay-gradient":""},"tablet":{"background-color":"var(--ast-global-color-5)","background-image":"","background-repeat":"repeat","background-position":"center center","background-size":"auto","background-attachment":"scroll","background-type":"","background-media":"","overlay-type":"","overlay-color":"","overlay-opacity":"","overlay-gradient":""},"mobile":{"background-color":"var(--ast-global-color-5)","background-image":"","background-repeat":"repeat","background-position":"center center","background-size":"auto","background-attachment":"scroll","background-type":"","background-media":"","overlay-type":"","overlay-color":"","overlay-opacity":"","overlay-gradient":""}},"_joinchat":[],"footnotes":""},"categories":[27],"tags":[182,185,533,129,280,133,498,534,535,536,537,49,86,187,55],"class_list":["post-1241","post","type-post","status-publish","format-standard","has-post-thumbnail","hentry","category-sin-categoria","tag-democracia","tag-ensayo","tag-errejon","tag-espana","tag-hegemonia","tag-libro","tag-madrid","tag-mas-madrid","tag-mas-pais","tag-pablo-iglesias","tag-pluricionalidad","tag-podemos","tag-politica","tag-populismo","tag-unidas-podemos"],"_links":{"self":[{"href":"https:\/\/nachoescartin.es\/an\/wp-json\/wp\/v2\/posts\/1241","targetHints":{"allow":["GET"]}}],"collection":[{"href":"https:\/\/nachoescartin.es\/an\/wp-json\/wp\/v2\/posts"}],"about":[{"href":"https:\/\/nachoescartin.es\/an\/wp-json\/wp\/v2\/types\/post"}],"author":[{"embeddable":true,"href":"https:\/\/nachoescartin.es\/an\/wp-json\/wp\/v2\/users\/1"}],"replies":[{"embeddable":true,"href":"https:\/\/nachoescartin.es\/an\/wp-json\/wp\/v2\/comments?post=1241"}],"version-history":[{"count":0,"href":"https:\/\/nachoescartin.es\/an\/wp-json\/wp\/v2\/posts\/1241\/revisions"}],"wp:featuredmedia":[{"embeddable":true,"href":"https:\/\/nachoescartin.es\/an\/wp-json\/wp\/v2\/media\/1242"}],"wp:attachment":[{"href":"https:\/\/nachoescartin.es\/an\/wp-json\/wp\/v2\/media?parent=1241"}],"wp:term":[{"taxonomy":"category","embeddable":true,"href":"https:\/\/nachoescartin.es\/an\/wp-json\/wp\/v2\/categories?post=1241"},{"taxonomy":"post_tag","embeddable":true,"href":"https:\/\/nachoescartin.es\/an\/wp-json\/wp\/v2\/tags?post=1241"}],"curies":[{"name":"wp","href":"https:\/\/api.w.org\/{rel}","templated":true}]}}