{"id":1236,"date":"2021-09-25T16:55:32","date_gmt":"2021-09-25T16:55:32","guid":{"rendered":"http:\/\/nachoescartin.es\/?p=1236"},"modified":"2021-09-25T16:55:32","modified_gmt":"2021-09-25T16:55:32","slug":"ixo-rai-bendita-fue-la-hora-de-alfonso-urben","status":"publish","type":"post","link":"https:\/\/nachoescartin.es\/an\/ixo-rai-bendita-fue-la-hora-de-alfonso-urben\/","title":{"rendered":"\u201cIxo Rai! \u00a1Bendita fue la hora!\u201d de Alfonso Urben"},"content":{"rendered":"<p>Ixo Rai! es una parte importante de mi vida. Sus conciertos nos llevan a una de las mejores \u00e9pocas de nuestra juventud. S\u00e9 que muchos de los que me le\u00e9is compartisteis conmigo esas borinas en pueblos, en plazas, en la Sala Multiusos, en Interpe\u00f1as o en el Pr\u00edncipe Felipe. Eran conciertos de banderas y camisetas, de pesetas y litros, de amigos y risas, sin m\u00f3viles ni fotos. No tengo ni una sola foto en un concierto de Ixo Rai!<\/p>\n<p>Y, sin embargo, este libro nos trae muchos recuerdos. Buenos recuerdos. Recuerdos de las luchas por la insumisi\u00f3n contra el militarismo, de la autonom\u00eda zapatista en Chiapas, de la resistencia aragonesa contra los pantanos y trasvases. De la Madalena a Villanueva, el Pirineo o Sevilla. Los ritmos de Ixo Rai! ven\u00edan de muchas partes del mundo, pero el contenido era de aqu\u00ed, muy nuestro, somarda e irreverente, comprometido y con rasmia. Nos hac\u00edan divertirnos con sentido, en un jolgorio sanote, unas lifaras tremendas que aglutinaban chobenalla, reivindicaci\u00f3n y sentido com\u00fan.<\/p>\n<p>Este libro, editado por Rolde de Estudios Aragoneses, recoge las vivencias de Alfonso Urben, el bajista, pero no solo. El pr\u00f3logo de Pardinilla, las fotograf\u00edas y el ep\u00edlogo de cada uno de los miembros de Ixo Rai! conforman el puzzle de 14 a\u00f1os de vida musical, de idas y venidas, de an\u00e9cdotas y encuentros, de desencuentros con la industria discogr\u00e1fica, de borracheras, mondongo, porros y crecimiento personal y musical. Porque Ixo Rai! fue un buen grupo de m\u00fasica, una formaci\u00f3n a la que echamos de menos. Mucho. Que nos ayud\u00f3 a querernos m\u00e1s, a amar Arag\u00f3n, a acercarnos al compromiso colectivo. \u00a1Bendita fue la hora!, Ixo Rai!<\/p>\n<p>\u00bfCu\u00e1ntas veces hemos fantaseado con la vuelta de Ixo Rai!? He le\u00eddo el libro mientras escuchaba sus canciones y, para m\u00ed, Ixo Rai! nunca se ha ido, y es una parte imprescindible de la banda sonora de mi vida y, adem\u00e1s, tengo la suerte de conocer y disfrutar de la amistad con algunos de sus miembros. Gracias.<\/p>","protected":false},"excerpt":{"rendered":"<p>Ixo Rai! es una parte importante de mi vida. Sus conciertos nos llevan a una de las mejores \u00e9pocas de [&hellip;]<\/p>\n","protected":false},"author":1,"featured_media":1237,"comment_status":"open","ping_status":"closed","sticky":false,"template":"","format":"standard","meta":{"site-sidebar-layout":"default","site-content-layout":"","ast-site-content-layout":"default","site-content-style":"default","site-sidebar-style":"default","ast-global-header-display":"","ast-banner-title-visibility":"","ast-main-header-display":"","ast-hfb-above-header-display":"","ast-hfb-below-header-display":"","ast-hfb-mobile-header-display":"","site-post-title":"","ast-breadcrumbs-content":"","ast-featured-img":"","footer-sml-layout":"","ast-disable-related-posts":"","theme-transparent-header-meta":"","adv-header-id-meta":"","stick-header-meta":"","header-above-stick-meta":"","header-main-stick-meta":"","header-below-stick-meta":"","astra-migrate-meta-layouts":"default","ast-page-background-enabled":"default","ast-page-background-meta":{"desktop":{"background-color":"","background-image":"","background-repeat":"repeat","background-position":"center center","background-size":"auto","background-attachment":"scroll","background-type":"","background-media":"","overlay-type":"","overlay-color":"","overlay-opacity":"","overlay-gradient":""},"tablet":{"background-color":"","background-image":"","background-repeat":"repeat","background-position":"center center","background-size":"auto","background-attachment":"scroll","background-type":"","background-media":"","overlay-type":"","overlay-color":"","overlay-opacity":"","overlay-gradient":""},"mobile":{"background-color":"","background-image":"","background-repeat":"repeat","background-position":"center center","background-size":"auto","background-attachment":"scroll","background-type":"","background-media":"","overlay-type":"","overlay-color":"","overlay-opacity":"","overlay-gradient":""}},"ast-content-background-meta":{"desktop":{"background-color":"var(--ast-global-color-5)","background-image":"","background-repeat":"repeat","background-position":"center center","background-size":"auto","background-attachment":"scroll","background-type":"","background-media":"","overlay-type":"","overlay-color":"","overlay-opacity":"","overlay-gradient":""},"tablet":{"background-color":"var(--ast-global-color-5)","background-image":"","background-repeat":"repeat","background-position":"center center","background-size":"auto","background-attachment":"scroll","background-type":"","background-media":"","overlay-type":"","overlay-color":"","overlay-opacity":"","overlay-gradient":""},"mobile":{"background-color":"var(--ast-global-color-5)","background-image":"","background-repeat":"repeat","background-position":"center center","background-size":"auto","background-attachment":"scroll","background-type":"","background-media":"","overlay-type":"","overlay-color":"","overlay-opacity":"","overlay-gradient":""}},"_joinchat":[],"footnotes":""},"categories":[26],"tags":[28,39,130,133,532,58,38],"class_list":["post-1236","post","type-post","status-publish","format-standard","has-post-thumbnail","hentry","category-cultivando","tag-aragon","tag-cultura","tag-historia","tag-libro","tag-luchas","tag-musica","tag-zaragoza"],"_links":{"self":[{"href":"https:\/\/nachoescartin.es\/an\/wp-json\/wp\/v2\/posts\/1236","targetHints":{"allow":["GET"]}}],"collection":[{"href":"https:\/\/nachoescartin.es\/an\/wp-json\/wp\/v2\/posts"}],"about":[{"href":"https:\/\/nachoescartin.es\/an\/wp-json\/wp\/v2\/types\/post"}],"author":[{"embeddable":true,"href":"https:\/\/nachoescartin.es\/an\/wp-json\/wp\/v2\/users\/1"}],"replies":[{"embeddable":true,"href":"https:\/\/nachoescartin.es\/an\/wp-json\/wp\/v2\/comments?post=1236"}],"version-history":[{"count":0,"href":"https:\/\/nachoescartin.es\/an\/wp-json\/wp\/v2\/posts\/1236\/revisions"}],"wp:featuredmedia":[{"embeddable":true,"href":"https:\/\/nachoescartin.es\/an\/wp-json\/wp\/v2\/media\/1237"}],"wp:attachment":[{"href":"https:\/\/nachoescartin.es\/an\/wp-json\/wp\/v2\/media?parent=1236"}],"wp:term":[{"taxonomy":"category","embeddable":true,"href":"https:\/\/nachoescartin.es\/an\/wp-json\/wp\/v2\/categories?post=1236"},{"taxonomy":"post_tag","embeddable":true,"href":"https:\/\/nachoescartin.es\/an\/wp-json\/wp\/v2\/tags?post=1236"}],"curies":[{"name":"wp","href":"https:\/\/api.w.org\/{rel}","templated":true}]}}