{"id":1119,"date":"2021-06-25T09:19:44","date_gmt":"2021-06-25T09:19:44","guid":{"rendered":"http:\/\/nachoescartin.es\/?p=1119"},"modified":"2021-06-25T09:19:44","modified_gmt":"2021-06-25T09:19:44","slug":"por-una-agricultura-con-agricultores","status":"publish","type":"post","link":"https:\/\/nachoescartin.es\/an\/por-una-agricultura-con-agricultores\/","title":{"rendered":"Por una agricultura con agricultores"},"content":{"rendered":"<p>Arag\u00f3n pierde 2000 explotaciones agr\u00edcolas cada a\u00f1o. 20.000 en la \u00faltima d\u00e9cada. Por cada 10 agricultores mayores de 65 a\u00f1os en Espa\u00f1a s\u00f3lo hay 1 agricultor menor de 35 a\u00f1os. El envejecimiento de los agricultores es uno de los mayores desaf\u00edos a que nos enfrentamos en el campo europeo, espa\u00f1ol y aragon\u00e9s. Sin embargo \u201cla PAC no s\u00f3lo no est\u00e1 orientada a los j\u00f3venes agricultores, sino que los penaliza\u201d, en palabras de Marcos Garc\u00e9s, joven agricultor de Ba\u00f1\u00f3n (Teruel) y coordinador de las Juventudes Agrarias en la Coordinadora de Agricultores y Ganaderos.<\/p>\n<p>La Pol\u00edtica Agraria Com\u00fan es la madre de todas las pol\u00edticas europeas, la parte m\u00e1s importante de los presupuestos p\u00fablicos de todos los europeos. Naci\u00f3 para garantizar alimentos y rentas dignas para quienes aseguran que cada d\u00eda tengamos comida de calidad, a\u00fan en las peores semanas de la pandemia. Sin embargo, en las \u00faltimas d\u00e9cadas se ha tendido a una mercantilizaci\u00f3n de las subvenciones que, en demasiados casos, engordan los bolsillos de familias pudientes, arist\u00f3cratas, corporaciones transaccionales y fondos de inversi\u00f3n que acumulan derechos hist\u00f3ricos por propiedades de tierras que no trabajan.<\/p>\n<p>60 de las familias m\u00e1s ricas de Espa\u00f1a han recibido, cada una, m\u00e1s de 1 mill\u00f3n de euros en subvenciones de la PAC en la \u00faltima d\u00e9cada. Apellidos de alta alcurnia como Bot\u00edn, Domecq o Mora Figueroa son los grandes beneficiados de la PAC, mientras que los aproximadamente 900.000 agricultores espa\u00f1oles recibieron unos 44.000 euros de media. Son demasiados herederos y especuladores de papeles, propietarios de sof\u00e1, que se lucran de estas ayudas europeas que no llegan como deber\u00edan a los agricultores. En la nueva PAC hemos conseguido que el m\u00e1ximo de dinero que se va a recibir por perceptor ser\u00e1 de 200.000 y condicionado a la creaci\u00f3n de empleo. Pero no es suficiente.<\/p>\n<p>Las referencias hist\u00f3ricas de los derechos individuales han pervertido el apoyo decidido a nuestros agricultores y ganaderos, para que puedan alcanzar la viabilidad de sus explotaciones y vivir bien de su trabajo diario. La compra y venta de papeles, de derechos hist\u00f3ricos, han generado enormes desigualdades entre territorios y entre profesionales del campo.<\/p>\n<p>Frente a esta injusticia y ante el debate actual en Europa, en Espa\u00f1a y en Arag\u00f3n, hacia una nueva PAC, la mayor\u00eda pol\u00edtica y agraria aragonesa trabajamos hace 3 a\u00f1os para alcanzar un acuerdo amplio, plasmado en un documento en el que mostramos nuestro apoyo directo al modelo de agricultura familiar profesional, sostenible y vinculado a nuestros pueblos, incidiendo tambi\u00e9n en la igualdad de g\u00e9nero y en el rejuvenecimiento del campo. PSOE, Podemos, CHA, IU, Ciudadanos, UAGA y UPA, compartimos el compromiso de suprimir cuanto antes los derechos hist\u00f3ricos y redistribuir las ayudas en favor de los agricultores profesionales y del modelo familiar. En coherencia, reivindicamos al Ministro de Agricultura del Gobierno de Espa\u00f1a, el se\u00f1or Planas, valent\u00eda con nuestros agricultores y ganaderos que madrugan.<\/p>\n<p>En Bruselas se est\u00e1 ultimando el reglamento de la pr\u00f3xima PAC, que en los pr\u00f3ximos a\u00f1os se aplicar\u00e1 en Espa\u00f1a y en Arag\u00f3n. Es preciso afrontar cuestiones muy relevantes, como la regionalizaci\u00f3n y el proceso de convergencia, para evitar desigualdades entre territorios y producciones, definir bien el agricultor genuino para que las principales ayudas lleguen a quienes viven mayoritariamente de la agricultura (sin excluir a agricultores pluriactivos que podr\u00edan recibir otras ayudas) y planificar adecuadamente las superficies y sectores. En definitiva, aumentar las rentas de nuestros agricultores y ganaderos, reconociendo la diversidad de la agricultura espa\u00f1ola y el reconocimiento de que no en todos los lugares cuesta lo mismo producir alimentos.<\/p>\n<p>Frente a la \u201cvoxorizaci\u00f3n\u201d y la \u201cuberizaci\u00f3n\u201d del campo, es decir, frente a discursos retr\u00f3grados y codicia especulativa, necesitamos una apuesta decidida para aumentar en los pr\u00f3ximo a\u00f1os el n\u00famero de j\u00f3venes y mujeres trabajando la tierra, para lo cual es urgente eliminar los agravios territoriales e individuales que se han generado. Nuestros agricultores y ganaderos son imprescindibles para nuestros pueblos vivos y esenciales hacia la necesaria transici\u00f3n ecol\u00f3gica, en la que el sector primario es y ser\u00e1 protagonista hacia un futuro sostenible y mejor. La PAC es una herramienta necesaria, que deber\u00eda complementarse con la puesta en marcha de la Ley 45\/2007 de desarrollo sostenible para el medio rural, que el PSOE aparc\u00f3 en un caj\u00f3n y el PP cerr\u00f3 con llave y candado una ley que, actualizada y junto a otras muchas acciones que estamos poniendo en marcha en los Gobiernos de Arag\u00f3n y de Espa\u00f1a, beneficiar\u00eda a nuestros pueblos y a nuestro sector primario.<\/p>\n<p><em><strong>Art\u00edculo publicado en Heraldo de Arag\u00f3n el 25 de junio de 2021.<\/strong><\/em><\/p>","protected":false},"excerpt":{"rendered":"<p>Arag\u00f3n pierde 2000 explotaciones agr\u00edcolas cada a\u00f1o. 20.000 en la \u00faltima d\u00e9cada. Por cada 10 agricultores mayores de 65 a\u00f1os [&hellip;]<\/p>\n","protected":false},"author":1,"featured_media":1120,"comment_status":"open","ping_status":"closed","sticky":false,"template":"","format":"standard","meta":{"site-sidebar-layout":"default","site-content-layout":"","ast-site-content-layout":"default","site-content-style":"default","site-sidebar-style":"default","ast-global-header-display":"","ast-banner-title-visibility":"","ast-main-header-display":"","ast-hfb-above-header-display":"","ast-hfb-below-header-display":"","ast-hfb-mobile-header-display":"","site-post-title":"","ast-breadcrumbs-content":"","ast-featured-img":"","footer-sml-layout":"","ast-disable-related-posts":"","theme-transparent-header-meta":"","adv-header-id-meta":"","stick-header-meta":"","header-above-stick-meta":"","header-main-stick-meta":"","header-below-stick-meta":"","astra-migrate-meta-layouts":"default","ast-page-background-enabled":"default","ast-page-background-meta":{"desktop":{"background-color":"","background-image":"","background-repeat":"repeat","background-position":"center center","background-size":"auto","background-attachment":"scroll","background-type":"","background-media":"","overlay-type":"","overlay-color":"","overlay-opacity":"","overlay-gradient":""},"tablet":{"background-color":"","background-image":"","background-repeat":"repeat","background-position":"center center","background-size":"auto","background-attachment":"scroll","background-type":"","background-media":"","overlay-type":"","overlay-color":"","overlay-opacity":"","overlay-gradient":""},"mobile":{"background-color":"","background-image":"","background-repeat":"repeat","background-position":"center center","background-size":"auto","background-attachment":"scroll","background-type":"","background-media":"","overlay-type":"","overlay-color":"","overlay-opacity":"","overlay-gradient":""}},"ast-content-background-meta":{"desktop":{"background-color":"var(--ast-global-color-5)","background-image":"","background-repeat":"repeat","background-position":"center center","background-size":"auto","background-attachment":"scroll","background-type":"","background-media":"","overlay-type":"","overlay-color":"","overlay-opacity":"","overlay-gradient":""},"tablet":{"background-color":"var(--ast-global-color-5)","background-image":"","background-repeat":"repeat","background-position":"center center","background-size":"auto","background-attachment":"scroll","background-type":"","background-media":"","overlay-type":"","overlay-color":"","overlay-opacity":"","overlay-gradient":""},"mobile":{"background-color":"var(--ast-global-color-5)","background-image":"","background-repeat":"repeat","background-position":"center center","background-size":"auto","background-attachment":"scroll","background-type":"","background-media":"","overlay-type":"","overlay-color":"","overlay-opacity":"","overlay-gradient":""}},"_joinchat":[],"footnotes":""},"categories":[26,24,23],"tags":[477,230,28,478,424,215,129,479,480,365,481,482,483,168],"class_list":["post-1119","post","type-post","status-publish","format-standard","has-post-thumbnail","hentry","category-cultivando","category-desbrozando","category-sembrando","tag-agricultores","tag-agricultura","tag-aragon","tag-articulo","tag-campo","tag-desarrollo-rural","tag-espana","tag-ganaderia","tag-heraldo","tag-opinion","tag-pac","tag-politica-agraria-comun","tag-prensa","tag-pueblos"],"_links":{"self":[{"href":"https:\/\/nachoescartin.es\/an\/wp-json\/wp\/v2\/posts\/1119","targetHints":{"allow":["GET"]}}],"collection":[{"href":"https:\/\/nachoescartin.es\/an\/wp-json\/wp\/v2\/posts"}],"about":[{"href":"https:\/\/nachoescartin.es\/an\/wp-json\/wp\/v2\/types\/post"}],"author":[{"embeddable":true,"href":"https:\/\/nachoescartin.es\/an\/wp-json\/wp\/v2\/users\/1"}],"replies":[{"embeddable":true,"href":"https:\/\/nachoescartin.es\/an\/wp-json\/wp\/v2\/comments?post=1119"}],"version-history":[{"count":0,"href":"https:\/\/nachoescartin.es\/an\/wp-json\/wp\/v2\/posts\/1119\/revisions"}],"wp:featuredmedia":[{"embeddable":true,"href":"https:\/\/nachoescartin.es\/an\/wp-json\/wp\/v2\/media\/1120"}],"wp:attachment":[{"href":"https:\/\/nachoescartin.es\/an\/wp-json\/wp\/v2\/media?parent=1119"}],"wp:term":[{"taxonomy":"category","embeddable":true,"href":"https:\/\/nachoescartin.es\/an\/wp-json\/wp\/v2\/categories?post=1119"},{"taxonomy":"post_tag","embeddable":true,"href":"https:\/\/nachoescartin.es\/an\/wp-json\/wp\/v2\/tags?post=1119"}],"curies":[{"name":"wp","href":"https:\/\/api.w.org\/{rel}","templated":true}]}}