{"id":1115,"date":"2021-06-20T19:11:56","date_gmt":"2021-06-20T19:11:56","guid":{"rendered":"http:\/\/nachoescartin.es\/?p=1115"},"modified":"2021-06-20T19:11:56","modified_gmt":"2021-06-20T19:11:56","slug":"la-madre-de-frankenstein-de-almudena-grandes","status":"publish","type":"post","link":"https:\/\/nachoescartin.es\/an\/la-madre-de-frankenstein-de-almudena-grandes\/","title":{"rendered":"\u201cLa madre de Frankenstein\u201d de Almudena Grandes"},"content":{"rendered":"<p>\u201cEspa\u00f1a no es un pa\u00eds para hombres como usted\u201d le espetaba un jerarca cat\u00f3lico, c\u00f3mplice del robo de ni\u00f1os durante el franquismo, a Germ\u00e1n Vel\u00e1zquez, m\u00e9dico psiquiatra, que le respondi\u00f3: \u201cEspa\u00f1a es mi pa\u00eds, padre Armenteros, por mucho que le joda. Ya s\u00e9 que le habr\u00eda gustado que los suyos acabaran con todos los espa\u00f1oles como yo, pero no pudieron, y no fue porque no lo intentar\u00e1n, desde luego. As\u00ed que Espa\u00f1a es tan m\u00eda como suya, aunque no le guste. Usted no es m\u00e1s espa\u00f1ol que yo. Y no tiene ning\u00fan derecho a opinar sobre si mi pa\u00eds me conviene o no. Eso lo decidir\u00e9 yo, si no le importa\u201d.<\/p>\n<p>Esta novela de Almudena Grandes me ha conmovido. Para m\u00ed es la mejor, hasta ahora, de su serie de \u201cEpisodios de una Guerra Interminable\u201d. Es un libro magn\u00edfico, que te transporta a la atm\u00f3sfera corrompida y en blanco y negro de aquellos a\u00f1os de dictadura podrida, de represi\u00f3n y encarcelamiento. Dictadura terrible contra las mujeres, \u201cque las que encarcela por dentro e intervino su vida privada, que coart\u00f3 ferozmente su libertad para impedir que fueran felices mientras trabajaban como mulas a cambio de salarios de hambre y sin derechos de ninguna clase, que las indujo a avergonzarse de su propio cuerpo\u201d. Esta obra es en memoria de todas esas mujeres diversas, que aparecen en las protagonistas de la historia.<\/p>\n<p>Aurora Rodr\u00edguez existi\u00f3. Asin\u00f3 a su hija y su enfermedad paranoica fue motivo de estudio del protagonista, Germ\u00e1n, que decidi\u00f3, tras sus a\u00f1os de exilio en Suiza, practicar la psiquiatr\u00eda en Madrid, en una Espa\u00f1a sometida a las brutalidades, en general, y en particular en materia de salud mental en el bando franquista, liderado por el maldito Antonio Vallejo N\u00e1jera, criminal eugenista. Mar\u00eda Castej\u00f3n, auxiliar de enfermer\u00eda en el manicomio de mujeres de Ciempozuelos es el nexo comunicativo entre ambos, paciente y facultativo, y mucho m\u00e1s. Es la esclavitud, es la compa\u00f1\u00eda, es el amor, es la libertad.<\/p>\n<p>La novela es una \u201cficci\u00f3n construida sobre hechos reales\u201d. La propia Almudena Grandes nos explica al final del libro c\u00f3mo ha construido la historia, desde sus lecturas, estudios, conversaciones y visitas. \u201cLa madre de Frankenstein\u201d nos trasmite con enorme sensibilidad aquella sociedad impotente \u201cde humillaci\u00f3n, de privaciones, de resignaci\u00f3n ante una vida tan dura como si fuera de piedra\u201d.<\/p>\n<p>Esta serie es un ejercicio hermoso de memoria hist\u00f3rica, pero no solo. Es un libro de amor, un amor que \u201cno es una panacea, un hechizo capaz de curar cualquier herida, de salvar cualquier obst\u00e1culo, de arreglar cualquier destrozo\u201d, pero que aflora en los momentos m\u00e1s delicados: en una familia alemana desgarrada por el asesinato de su hijo m\u00fasico a mano de los nazis en la Noche de los Cristales Rotos; en un hospital psiqui\u00e1trico sometido a las crueldades de un sistema atroz; en una familia comprometida en la resistencia comunista clandestina; en una Espa\u00f1a enjaulada, corrupta, con una dictadura que convert\u00eda en mierda todo lo que tocaba, en manos exclusivas de quienes ganaron la guerra, sometida a \u201cla voluntad de Dios\u201d, resignada tras tantos palos, sin esperanza tras la traici\u00f3n de la comunidad internacional despu\u00e9s de que los aliados ganaran la Segunda Guerra Mundial.<\/p>\n<p>Lean este libro. Es maravilloso.<\/p>","protected":false},"excerpt":{"rendered":"<p>\u201cEspa\u00f1a no es un pa\u00eds para hombres como usted\u201d le espetaba un jerarca cat\u00f3lico, c\u00f3mplice del robo de ni\u00f1os durante [&hellip;]<\/p>\n","protected":false},"author":1,"featured_media":1116,"comment_status":"open","ping_status":"closed","sticky":false,"template":"","format":"standard","meta":{"site-sidebar-layout":"default","site-content-layout":"","ast-site-content-layout":"default","site-content-style":"default","site-sidebar-style":"default","ast-global-header-display":"","ast-banner-title-visibility":"","ast-main-header-display":"","ast-hfb-above-header-display":"","ast-hfb-below-header-display":"","ast-hfb-mobile-header-display":"","site-post-title":"","ast-breadcrumbs-content":"","ast-featured-img":"","footer-sml-layout":"","ast-disable-related-posts":"","theme-transparent-header-meta":"","adv-header-id-meta":"","stick-header-meta":"","header-above-stick-meta":"","header-main-stick-meta":"","header-below-stick-meta":"","astra-migrate-meta-layouts":"default","ast-page-background-enabled":"default","ast-page-background-meta":{"desktop":{"background-color":"","background-image":"","background-repeat":"repeat","background-position":"center center","background-size":"auto","background-attachment":"scroll","background-type":"","background-media":"","overlay-type":"","overlay-color":"","overlay-opacity":"","overlay-gradient":""},"tablet":{"background-color":"","background-image":"","background-repeat":"repeat","background-position":"center center","background-size":"auto","background-attachment":"scroll","background-type":"","background-media":"","overlay-type":"","overlay-color":"","overlay-opacity":"","overlay-gradient":""},"mobile":{"background-color":"","background-image":"","background-repeat":"repeat","background-position":"center center","background-size":"auto","background-attachment":"scroll","background-type":"","background-media":"","overlay-type":"","overlay-color":"","overlay-opacity":"","overlay-gradient":""}},"ast-content-background-meta":{"desktop":{"background-color":"var(--ast-global-color-5)","background-image":"","background-repeat":"repeat","background-position":"center center","background-size":"auto","background-attachment":"scroll","background-type":"","background-media":"","overlay-type":"","overlay-color":"","overlay-opacity":"","overlay-gradient":""},"tablet":{"background-color":"var(--ast-global-color-5)","background-image":"","background-repeat":"repeat","background-position":"center center","background-size":"auto","background-attachment":"scroll","background-type":"","background-media":"","overlay-type":"","overlay-color":"","overlay-opacity":"","overlay-gradient":""},"mobile":{"background-color":"var(--ast-global-color-5)","background-image":"","background-repeat":"repeat","background-position":"center center","background-size":"auto","background-attachment":"scroll","background-type":"","background-media":"","overlay-type":"","overlay-color":"","overlay-opacity":"","overlay-gradient":""}},"_joinchat":[],"footnotes":""},"categories":[26],"tags":[239,183,129,475,154,155,133,41,125,476,468],"class_list":["post-1115","post","type-post","status-publish","format-standard","has-post-thumbnail","hentry","category-cultivando","tag-amor","tag-dictadura","tag-espana","tag-exilio","tag-franco","tag-franquismo","tag-libro","tag-memoria-historica","tag-novela","tag-psiquiatria","tag-salud-mental"],"_links":{"self":[{"href":"https:\/\/nachoescartin.es\/an\/wp-json\/wp\/v2\/posts\/1115","targetHints":{"allow":["GET"]}}],"collection":[{"href":"https:\/\/nachoescartin.es\/an\/wp-json\/wp\/v2\/posts"}],"about":[{"href":"https:\/\/nachoescartin.es\/an\/wp-json\/wp\/v2\/types\/post"}],"author":[{"embeddable":true,"href":"https:\/\/nachoescartin.es\/an\/wp-json\/wp\/v2\/users\/1"}],"replies":[{"embeddable":true,"href":"https:\/\/nachoescartin.es\/an\/wp-json\/wp\/v2\/comments?post=1115"}],"version-history":[{"count":0,"href":"https:\/\/nachoescartin.es\/an\/wp-json\/wp\/v2\/posts\/1115\/revisions"}],"wp:featuredmedia":[{"embeddable":true,"href":"https:\/\/nachoescartin.es\/an\/wp-json\/wp\/v2\/media\/1116"}],"wp:attachment":[{"href":"https:\/\/nachoescartin.es\/an\/wp-json\/wp\/v2\/media?parent=1115"}],"wp:term":[{"taxonomy":"category","embeddable":true,"href":"https:\/\/nachoescartin.es\/an\/wp-json\/wp\/v2\/categories?post=1115"},{"taxonomy":"post_tag","embeddable":true,"href":"https:\/\/nachoescartin.es\/an\/wp-json\/wp\/v2\/tags?post=1115"}],"curies":[{"name":"wp","href":"https:\/\/api.w.org\/{rel}","templated":true}]}}