{"id":1093,"date":"2021-05-23T15:50:20","date_gmt":"2021-05-23T15:50:20","guid":{"rendered":"http:\/\/nachoescartin.es\/?p=1093"},"modified":"2021-05-23T15:50:20","modified_gmt":"2021-05-23T15:50:20","slug":"un-caos-bonito-relato-de-una-decada-de-la-spanishrevolution-de-francisco-jurado-gilabert","status":"publish","type":"post","link":"https:\/\/nachoescartin.es\/an\/un-caos-bonito-relato-de-una-decada-de-la-spanishrevolution-de-francisco-jurado-gilabert\/","title":{"rendered":"\u201cUn caos bonito. Relato de una d\u00e9cada de la #SpanishRevolution\u201d de Francisco Jurado Gilabert"},"content":{"rendered":"<p>Otro libro necesario, editado por Lengua de Trapo, para construir el puzle activista en nuestra historia reciente. A Francisco Jurado no le conozco personalmente. Le leo hace a\u00f1os en las redes sociales y medios, hemos compartido espacio en Carne Cruda y le tengo por una persona comprometida y de acci\u00f3n. Es decir, este ensayo no est\u00e1 escrito desde una torre de marfil, sino desde la memoria de cuerpos, sudores, conflictos y frustraciones vividas en primera persona.<\/p>\n<p>Para m\u00ed ha sido tambi\u00e9n un ejercicio de introspecci\u00f3n y reflexi\u00f3n de esta d\u00e9cada compartida. En el rato que le\u00ed el libro, de tir\u00f3n, hice continuos paralelismos con mis vivencias en Arag\u00f3n. Como \u00e9l mismo escribe, \u201cel 15M era multitud y, como tal, hab\u00eda miles de 15M\u201d. Y estoy de acuerdo. Cada quien lo vivimos desde nuestra realidad y momento concreto. Francisco comienza con los preparativos de la manifestaci\u00f3n del 15 de mayo de 2011, en Democracia Real Ya (DRY). Yo recuerdo que aquellos d\u00edas est\u00e1bamos s\u00faper comprometidos con la Coordinadora de colectivos y movimientos sociales de Arag\u00f3n, que celebramos una manifestaci\u00f3n por la ma\u00f1ana en Zaragoza y a la tarde algunos llevamos la misma pancarta de cabecera a la manifestaci\u00f3n, convocada por un desconocido para nosotros DRY, marcha que desbord\u00f3 en n\u00famero y diversidad. Y de ah\u00ed la acampada, la represi\u00f3n, la respuesta popular y todo lo dem\u00e1s.<\/p>\n<p>Nuestro pa\u00eds estaba en crisis, econ\u00f3mica, social y de representatividad. Se extend\u00eda \u201cescepticismo, apat\u00eda y frustraci\u00f3n\u201d. Los partidos y sindicatos no aglutinaban y generaban desafecci\u00f3n. El manifiesto de DRY busc\u00f3 ocupar \u201cla centralidad del tablero\u201d, desde un \u201cnosotros\u201d muy amplio, que hac\u00eda part\u00edcipe a una gran mayor\u00eda. \u201cPrescinde de los elementos ideol\u00f3gicos e identitarios tradicionales: izquierda-derecha\u201d y se enfrenta, desde abajo, a los privilegios de pol\u00edticos y banqueros, para reivindicar empleos, viviendas, servicios p\u00fablicos, fiscalidad justa, libertades, democracia y reducci\u00f3n del gasto militar.<\/p>\n<p>La enorme difusi\u00f3n en redes, con c\u00f3digos abiertos y viralizaci\u00f3n de contenidos, equipos de portavoces rotativos y nodos locales llevaron al \u00e9xito de las manifestaciones en ochenta ciudades, marcha de composici\u00f3n transversal, sin banderas, sin liderazgos personificados y con una organizaci\u00f3n rizom\u00e1tica, basada en colaboraciones voluntarias a partir de consensos proactivos. Se gener\u00f3 un estado de \u00e1nimo ilusionante y \u201ca muchas personas les entusiasm\u00f3 volcar sus saberes y su talento en todo este proceso\u201d.<\/p>\n<p>El desalojo de los primeros acampados en la Puerta del Sol de Madrid produjo el \u201cefecto Streisand\u201d y en muchos otros sitios, como en Zaragoza, nos autoconvocamos en la Plaza del Pilar y comenzaron las acampadas del 15M. La pol\u00edtica es conflicto y desde el primer momento se reprodujeron debates absurdos e in\u00fatiles, choques de egos, discrepancias en la relaci\u00f3n con medios y otras organizaciones, etc. El 15M no era un partido y, como tal, no compet\u00eda con otros partidos, no se produc\u00edan \u201ccolisiones excluyentes\u201d a pesar de la notoria disparidad de personas y opiniones en las plazas.<\/p>\n<p>Francisco Jurado nos cuenta sus d\u00edas con sinceridad y detalles recordados: las asambleas estatales de DRY, el trabajo organizativo, las herramientas digitales, la evoluci\u00f3n de las acampadas hacia los barrios y las mareas sectoriales, la dificultad de construir participaci\u00f3n directa y la toma de decisiones democr\u00e1ticas. A un ritmo fren\u00e9tico, la Primavera \u00e1rabe se extendi\u00f3 por Europa y lleg\u00f3 a Am\u00e9rica y Estados Unidos (Occupy Wall Street). En Espa\u00f1a el PP gan\u00f3 las elecciones generales de noviembre de 2011 por mayor\u00eda aplastante, pero el bipartidismo (PPSOE) se dej\u00f3 much\u00edsimos votos que no fueron a IU.<\/p>\n<p>La descomposici\u00f3n de DRY llev\u00f3 al autor a colaborar intensamente con el abogado Juan Ignacio Moreno Yag\u00fce, con quien comparti\u00f3 el proyecto Democracia 4.0, para reivindicar la participaci\u00f3n ciudadana directa y las votaciones telem\u00e1ticas; #OpEuribor, camino judicial que les llev\u00f3 al coraz\u00f3n de la bestia para demostrar que el Euribor hab\u00eda sido manipulado; 15mPaRato, que junto a Simona Levi puso en la diana de la corrupci\u00f3n a Rodrigo Rato por la salida a bolsa de Bankia. Estas experiencias mostraban que el esp\u00edritu del 15M no hab\u00eda muerto y a Jurado le vali\u00f3 para importantes aprendizajes sobre la imposici\u00f3n de criterios personales y \u201cla cantidad de mierda que se acumula en las cloacas del poder\u201d, que lleva a que \u201ctodo est\u00e1 montado para que sea muy dif\u00edcil que los de arriba pringuen\u201d.<\/p>\n<p>A\u00f1os despu\u00e9s, compartimos el asalto institucional. Jurado form\u00f3 parte del Partido X, que concurri\u00f3 a las europeas pero fracas\u00f3, totalmente eclipsado por el nacimiento del Podemos de Pablo Iglesias, que tras darse a conocer en tertulias televisivas present\u00f3 el manifiesto \u201cMover ficha\u201d junto a \u201cintelectuales de izquierda, profesores universitarios y activistas de movimientos sociales\u201d, para llamar a la participaci\u00f3n de la ciudadan\u00eda con sus firmas para un nuevo partido, Primarias abiertas, C\u00edrculos y un discurso de \u201cgente frente a casta\u201d que emanaba de la experiencia populista latinoamericana, con un hiperliderazgo pero tambi\u00e9n un cartel atractivo para las europeas, que llev\u00f3 a un buen resultado. El primer congreso de Podemos llev\u00f3 a su configuraci\u00f3n como partido cl\u00e1sico, con listas plancha, c\u00fapulas centralistas y enormes dificultades para la participaci\u00f3n y los debates horizontales, lo que lleva a que \u201cpesan m\u00e1s factores como la lealtad y la afinidad que la capacidad para trabajar y representar los intereses de la ciudadan\u00eda\u201d.<\/p>\n<p>No os quiero destripar las reflexiones de Jurado, que comparto en casi todo. Salvando las distancias, de 120 a\u00f1os, son las mismas que expresaba Joaqu\u00edn Costa o las que han caracterizado los anhelos de regeneraci\u00f3n democr\u00e1tica frente a la oligarqu\u00eda y el caciquismo que nos detall\u00f3 Carmelo Romero en el <a href=\"https:\/\/nachoescartin.es\/an\/caciques-y-caciquismo-en-espana-de-carmelo-romero-salvador\/\">libro que rese\u00f1\u00e9 anteriormente. <\/a><\/p>\n<p>Con Francisco Jurado tambi\u00e9n comparto vivencias, en paralelo, en parlamentos auton\u00f3micos. \u00c9l en el de Andaluc\u00eda, como asesor, yo como diputado en Arag\u00f3n. En el libro nos cuenta las relaciones entre \u201ccompa\u00f1eros\u201d, grupos parlamentarios y partidos, la dificultad de sacar adelante leyes y de pactar acuerdos amplios: \u201cEl Poder es algo que se ejerce, que necesita otro para ejercerse, que se materializa a trav\u00e9s de la influencia\u2026 Se equivocan los que creen que el poder consiste, solamente, en ocupar un cargo\u201d. Esta parte est\u00e1 llena de frustraciones.<\/p>\n<p>Las \u00faltimas p\u00e1ginas del libro recuerdan las candidaturas municipales con las que alcanzamos los ayuntamientos de algunas ciudades, las guerras internas en Podemos, la repetici\u00f3n electoral en Espa\u00f1a, la moci\u00f3n de censura a Rajoy y el Gobierno de coalici\u00f3n, con el que finaliza este ciclo \u201cvolviendo a la casilla de salida\u201d: los bloques cl\u00e1sicos izquierda-derecha, la pol\u00edtica de partidos cl\u00e1sicos y la sensaci\u00f3n de \u201cincumplir promesas y defraudar expectativas\u201d. Francisco Jurado hoy est\u00e1 implicado en M\u00e1s Pa\u00eds Andaluc\u00eda.<\/p>\n<p>Por no acabar de bajona, el \u00faltimo cap\u00edtulo del libro parte de la cr\u00edtica y los errores de los partidos y vuelve a los principios aglutinadores del 15M, especialmente en los \u201cmecanismos de participaci\u00f3n que permitan a la sociedad a pronunciarse de manera directa y separada sobre cada asunto\u201d. \u201cEs mejor confiar en tus vecinos y vecinas, en la gente que experimenta y vive tu misma realidad\u201d. El ep\u00edlogo de Juanlu S\u00e1nchez incide en la recuperaci\u00f3n de ese talento colectivo que nos demostr\u00f3 que somos capaces de hacer pol\u00edtica m\u00e1s all\u00e1 de los partidos.<\/p>","protected":false},"excerpt":{"rendered":"<p>Otro libro necesario, editado por Lengua de Trapo, para construir el puzle activista en nuestra historia reciente. A Francisco Jurado [&hellip;]<\/p>\n","protected":false},"author":1,"featured_media":1094,"comment_status":"open","ping_status":"closed","sticky":false,"template":"","format":"standard","meta":{"site-sidebar-layout":"default","site-content-layout":"","ast-site-content-layout":"default","site-content-style":"default","site-sidebar-style":"default","ast-global-header-display":"","ast-banner-title-visibility":"","ast-main-header-display":"","ast-hfb-above-header-display":"","ast-hfb-below-header-display":"","ast-hfb-mobile-header-display":"","site-post-title":"","ast-breadcrumbs-content":"","ast-featured-img":"","footer-sml-layout":"","ast-disable-related-posts":"","theme-transparent-header-meta":"","adv-header-id-meta":"","stick-header-meta":"","header-above-stick-meta":"","header-main-stick-meta":"","header-below-stick-meta":"","astra-migrate-meta-layouts":"default","ast-page-background-enabled":"default","ast-page-background-meta":{"desktop":{"background-color":"","background-image":"","background-repeat":"repeat","background-position":"center center","background-size":"auto","background-attachment":"scroll","background-type":"","background-media":"","overlay-type":"","overlay-color":"","overlay-opacity":"","overlay-gradient":""},"tablet":{"background-color":"","background-image":"","background-repeat":"repeat","background-position":"center center","background-size":"auto","background-attachment":"scroll","background-type":"","background-media":"","overlay-type":"","overlay-color":"","overlay-opacity":"","overlay-gradient":""},"mobile":{"background-color":"","background-image":"","background-repeat":"repeat","background-position":"center center","background-size":"auto","background-attachment":"scroll","background-type":"","background-media":"","overlay-type":"","overlay-color":"","overlay-opacity":"","overlay-gradient":""}},"ast-content-background-meta":{"desktop":{"background-color":"var(--ast-global-color-5)","background-image":"","background-repeat":"repeat","background-position":"center center","background-size":"auto","background-attachment":"scroll","background-type":"","background-media":"","overlay-type":"","overlay-color":"","overlay-opacity":"","overlay-gradient":""},"tablet":{"background-color":"var(--ast-global-color-5)","background-image":"","background-repeat":"repeat","background-position":"center center","background-size":"auto","background-attachment":"scroll","background-type":"","background-media":"","overlay-type":"","overlay-color":"","overlay-opacity":"","overlay-gradient":""},"mobile":{"background-color":"var(--ast-global-color-5)","background-image":"","background-repeat":"repeat","background-position":"center center","background-size":"auto","background-attachment":"scroll","background-type":"","background-media":"","overlay-type":"","overlay-color":"","overlay-opacity":"","overlay-gradient":""}},"_joinchat":[],"footnotes":""},"categories":[26],"tags":[452,140,459,182,185,129,460,130,133,461,462,49,463],"class_list":["post-1093","post","type-post","status-publish","format-standard","has-post-thumbnail","hentry","category-cultivando","tag-15m","tag-corrupcion","tag-cultura-libre","tag-democracia","tag-ensayo","tag-espana","tag-hacker","tag-historia","tag-libro","tag-movimientos-sociales","tag-participacion","tag-podemos","tag-representatividad"],"_links":{"self":[{"href":"https:\/\/nachoescartin.es\/an\/wp-json\/wp\/v2\/posts\/1093","targetHints":{"allow":["GET"]}}],"collection":[{"href":"https:\/\/nachoescartin.es\/an\/wp-json\/wp\/v2\/posts"}],"about":[{"href":"https:\/\/nachoescartin.es\/an\/wp-json\/wp\/v2\/types\/post"}],"author":[{"embeddable":true,"href":"https:\/\/nachoescartin.es\/an\/wp-json\/wp\/v2\/users\/1"}],"replies":[{"embeddable":true,"href":"https:\/\/nachoescartin.es\/an\/wp-json\/wp\/v2\/comments?post=1093"}],"version-history":[{"count":0,"href":"https:\/\/nachoescartin.es\/an\/wp-json\/wp\/v2\/posts\/1093\/revisions"}],"wp:featuredmedia":[{"embeddable":true,"href":"https:\/\/nachoescartin.es\/an\/wp-json\/wp\/v2\/media\/1094"}],"wp:attachment":[{"href":"https:\/\/nachoescartin.es\/an\/wp-json\/wp\/v2\/media?parent=1093"}],"wp:term":[{"taxonomy":"category","embeddable":true,"href":"https:\/\/nachoescartin.es\/an\/wp-json\/wp\/v2\/categories?post=1093"},{"taxonomy":"post_tag","embeddable":true,"href":"https:\/\/nachoescartin.es\/an\/wp-json\/wp\/v2\/tags?post=1093"}],"curies":[{"name":"wp","href":"https:\/\/api.w.org\/{rel}","templated":true}]}}