{"id":1082,"date":"2021-05-13T17:51:26","date_gmt":"2021-05-13T17:51:26","guid":{"rendered":"http:\/\/nachoescartin.es\/?p=1082"},"modified":"2021-05-13T17:51:26","modified_gmt":"2021-05-13T17:51:26","slug":"mi-aportacion-a-los-10-anos-del-15m-otra-vuelta-de-tuerca-de-lo-marginal-a-lo-popular","status":"publish","type":"post","link":"https:\/\/nachoescartin.es\/an\/mi-aportacion-a-los-10-anos-del-15m-otra-vuelta-de-tuerca-de-lo-marginal-a-lo-popular\/","title":{"rendered":"Mi aportaci\u00f3n a los 10 a\u00f1os del 15M: Otra vuelta de tuerca de lo marginal a lo popular"},"content":{"rendered":"<p>\u00a1Hola! Andaba yo pensando qu\u00e9 aportar en este mayo de 2021, a 10 a\u00f1os de la indignaci\u00f3n de las plazas del movimiento 15M. He pensado ofreceros reflexiones en 3 formatos: en primer lugar, para quienes teng\u00e1is menos tiempo, voy a compartir apenas un esquema, un collage de frases que me parecen evocadoras para narrar esta d\u00e9cada; a continuaci\u00f3n os dejar\u00e9 con el art\u00edculo que escrib\u00ed en marzo para AraInfo que me pidi\u00f3 mi aportaci\u00f3n dentro de un especial de balance colectivo de este ciclo pol\u00edtico; y para terminar, os dejar\u00e9 con algunos enlaces que os llevar\u00e1n a textos que he escrito anteriormente, en estos 10 a\u00f1os y que, de alguna manera, completan este an\u00e1lisis personal.<\/p>\n<p>Os quiero anticipar que no entro en debates muy profundos que se necesitan en los espacios del cambio, an\u00e1lisis colectivo y discusiones que debemos tener en un formato bidireccional y poli\u00e9drico y, a ser posible, en persona y mir\u00e1ndonos a la cara. He intentado siempre que mis textos puedan llegar y ser interesantes para todo tipo de personas, incluso si no participas de estos movimientos sociales. Espero que broten las semillas y nazcan m\u00e1s iniciativas.<\/p>\n<p><strong>La previa (S.XXI):<\/strong><br \/>\nGeneraci\u00f3n NiNi<br \/>\nSomos la primera generaci\u00f3n que vive peor que sus padres<br \/>\nPrecariedad<br \/>\nNo hay futuro<br \/>\nRecortes y corrupci\u00f3n<br \/>\nDesahucios y especulaci\u00f3n<br \/>\nPelotazos y pol\u00edtica de amiguetes<br \/>\nGran estafa bancaria<br \/>\nMalestar social<br \/>\nNos mean y dicen que llueve<br \/>\nFin del sue\u00f1o las clases medias<br \/>\nIndignaci\u00f3n<\/p>\n<p><strong>1er tiempo (Primavera de 2011):<\/strong><br \/>\nEl tiempo de las plazas<br \/>\nAmanecer sobre el mismo suelo<br \/>\nExplosi\u00f3n de vitalidad popular<br \/>\nDespertar de conciencias<br \/>\nSensaci\u00f3n de comunidad<br \/>\nSomos pueblo<br \/>\nNo nos representan (cr\u00edtica a los partidos)<br \/>\nLo llaman democracia y no lo es<br \/>\nNo es una crisis, es una estafa<br \/>\nEl 15M somos muy pocos<br \/>\nTras la represi\u00f3n, somos legi\u00f3n<br \/>\nDespertar de mucha gente (no somos 4 gatos)<br \/>\nNos desperezamos de la pesadilla capitalista<br \/>\nSe puede discutir todo<br \/>\nOtro mundo es posible<br \/>\nApoyo mutuo<br \/>\nAutogesti\u00f3n<br \/>\nDesde abajo<\/p>\n<p><strong>2\u00ba tiempo (desde el verano de 2011):<\/strong><br \/>\nLa pol\u00edtica est\u00e1 en las calles<br \/>\nSe apunta m\u00e1s a las causas estructurales<br \/>\nAlegr\u00eda y melancol\u00eda del 15M<br \/>\nEvoluci\u00f3n hacia las mareas sectoriales y de barrios<br \/>\nMovimientos sociales<br \/>\nProceso constituyente<br \/>\nMarchas por la dignidad<br \/>\nDefensa de lo p\u00fablico<br \/>\nMedios de comunicaci\u00f3n alternativos<br \/>\nEconom\u00eda solidaria<br \/>\nFinanzas \u00e9ticas<br \/>\nAgroecolog\u00eda<br \/>\nVuelta a los pueblos<\/p>\n<p><strong>Resultado (2021):<\/strong><br \/>\nNo hubo un cambio radical de sistema<br \/>\nVotar o no votar: esa no es la cuesti\u00f3n<br \/>\nMayor\u00eda absoluta del partido popular<br \/>\nApuesta municipalista<br \/>\nAyuntamientos del cambio<br \/>\nPodemos<br \/>\nPasicos hacia una nueva gobernanza<br \/>\nAsalto a los cielos: maquinaria electoral<br \/>\nEl Podemos de derechas: Cs<br \/>\n8M: la manada feminista<br \/>\nEl futuro ser\u00e1 verde o no ser\u00e1<br \/>\nYayoflautas (pensionistas)<br \/>\nImplosi\u00f3n del espacio del cambio<br \/>\nLo nuevo se vuelve viejo<br \/>\nGobierno de coalici\u00f3n progresista<br \/>\nEl odio de VOX<br \/>\nLawfare, bulos y redes<br \/>\nTrumpismo marca Espa\u00f1a<\/p>\n<p>El bipartidismo se resiste a morir<br \/>\nFin de ciclo<\/p>\n<p><b>La lucha sigue:<\/b><br \/>\nMandar obedeciendo: las revoluciones se construyen desde abajo<br \/>\nCamino de no retorno<br \/>\nPara salir del pozo, lo primero que hay que hacer es dejar de cavar<br \/>\nNo repitamos los mismos errores<br \/>\nMetodolog\u00eda y estrategia<br \/>\nLo com\u00fan: pensar m\u00e1s all\u00e1 del individuo<br \/>\nPol\u00edtica de lo colectivo y lo concreto<br \/>\nAutoorganizaci\u00f3n<br \/>\nAlternativas socioecon\u00f3micas: cooperativas \u00e9ticas, energ\u00e9ticas, alimentarias, de trabajo, etc.<br \/>\nEcofeminismo: poner la vida en el centro<br \/>\nJusticia social frente a desigualdades<br \/>\nSindicalismo por trabajos dignos<br \/>\nLuchas por una vivienda digna<\/p>\n<p>_____________________________________________________________<\/p>\n<p><strong>Propuestas para mejorar Arag\u00f3n<\/strong><br \/>\n<a href=\"https:\/\/arainfo.org\/propuestas-para-mejorar-aragon\/\" target=\"_blank\" rel=\"noopener\">(texto publicado en AraInfo)<\/a><\/p>\n<p>Para quienes no me conoc\u00e9is, llevo 20 a\u00f1os implicado en diversos colectivos sociales, desde los movimientos de resistencia contra la globalizaci\u00f3n a la comunicaci\u00f3n alternativa, el ecologismo social, la econom\u00eda solidaria y la cultura popular. En los \u00faltimos a\u00f1os, mis vivencias y trabajos se han centrado en los pueblos y la agroecolog\u00eda, sin descuidar el 15M, los primeros pasos de Zaragoza en Com\u00fan y Podemos Arag\u00f3n. Desde mayo de 2015 soy diputado en las Cortes de Arag\u00f3n.<\/p>\n<p>Mi an\u00e1lisis de estos a\u00f1os est\u00e1 atravesado por mis propias vivencias, de la calle a la instituci\u00f3n, con todo el cuerpo en lo rural, pero con un pie todav\u00eda en la ciudad de Zaragoza que me vio nacer. Mi visi\u00f3n del mundo y, por tanto, mis propuestas, tienen que ver con lo que experimento. Me centro en Arag\u00f3n, el hermoso pa\u00eds en el que tenemos la suerte de vivir, maravilloso lugar de contrastes y biodiversidad. Tambi\u00e9n en lo pol\u00edtico. Tierra de pactos, dicen, y tambi\u00e9n de conflictos, de historia impresionante y, a veces, olvidada. Con tres lenguas propias, dos de ellas minorizadas. Un Arag\u00f3n con mucha tierra militarizada, macroproyectos, monocultivos, caciques y unas pocas familias ricas que mandan mucho y mal. Un lugar con un sinf\u00edn de oportunidades para unas vidas dignas y un abanico potente de proyectos de econom\u00eda solidaria, huertas ecol\u00f3gicas, gente noble y con talento.<\/p>\n<p>Con todo ello y hacia delante, aqu\u00ed van mis propuestas:<\/p>\n<p><strong>Definir objetivos concretos<\/strong><br \/>\n\u201cNo desgasta el poder, lo que desgasta es no tenerlo\u201d. Esta frase es de Andreotti. Las \u00e9lites tienen claro que su objetivo es tener poder, es decir, manejar el cotarro. Para que ellos no nos manden, necesitamos poder popular, que la gente, la mayor\u00eda, los de abajo, las personas corrientes con las que me cruzo a diario definamos c\u00f3mo vivir mejor. Una peque\u00f1a parte de ese poder est\u00e1 en nuestros actos individuales y cotidianos, en nuestro consumo y en nuestro trabajo. Otra parte mucho mayor est\u00e1 en nuestras organizaciones y en las instituciones.<\/p>\n<p>El objetivo que os comparto es que mejoremos Arag\u00f3n y lo dise\u00f1emos para los pr\u00f3ximos a\u00f1os. Zaragoza concentra enorme parte de la riqueza, poblaci\u00f3n y movimiento. No olvidemos los otros 730 municipios, entre los que hay ciudades medianas, peque\u00f1as y, sobre todo, pueblos chicorrones. Esto es complejo. Una parte de nuestro esfuerzo ir\u00eda hacia los ayuntamientos y otra en implicarnos m\u00e1s y mejor en el d\u00eda a d\u00eda de nuestro lugar: en escuelas, centros de trabajo, tejido asociativo y cultural, movimientos sociales, espacios en los que nos agrupamos por intereses geogr\u00e1ficos, de ocio o afinidad pol\u00edtica.<\/p>\n<p>Soy consciente de que para conseguir algo as\u00ed necesitamos mirarnos para adentro, ponernos de acuerdo muchas personas\u2026 y acertar. Aute dec\u00eda que \u201cquien no tenga sue\u00f1os, que se prepare para tener due\u00f1os\u201d. Creo que un primer acicate para juntarnos es nuestra oposici\u00f3n a que nos gobiernen las mismas familias poderosas y privilegiadas de siempre, herederas del poder franquista, corporativo y dinerario. Soy de los que piensa que \u201cel pueblo unido jam\u00e1s ser\u00e1 vencido\u201d y, como lo hemos demostrado en otras ocasiones, mi aportaci\u00f3n en este \u00e1gora en AraInfo es esperanzada y optimista.<\/p>\n<p><strong>\u00bfPoder para qu\u00e9?<\/strong><br \/>\nOrtega y Gasset escribi\u00f3 que \u201cs\u00f3lo cabe progresar cuando se piensa en grande, s\u00f3lo es posible avanzar cuando se mira lejos\u201d. De acuerdo. Pero, \u00bfen qu\u00e9 pensamos y hacia d\u00f3nde vamos? \u00bfEn qu\u00e9 \u00e1mbitos hay que poner el acento?<\/p>\n<p>El ecofeminismo deber\u00eda destacar en toda nuestra acci\u00f3n pol\u00edtica. Una mirada amable y arm\u00f3nica de pisar la tierra, una forma de vivir en paz con el mundo y con justicia para todas las personas y seres vivos. La sostenibilidad de la vida pasa por un acuerdo ampl\u00edsimo antes de que nuestra civilizaci\u00f3n salte por los aires. Los l\u00edmites del planeta son evidentes, no hay minerales ni petr\u00f3leo para nutrir el crecimiento exponencial que plantea un sistema capitalista que nos lleva a un abismo en el que ya est\u00e1 una parte importante de la poblaci\u00f3n mundial. El reto clim\u00e1tico nos obliga a ser valientes y generosos en las acciones hacia una vida mejor para la mayor\u00eda, no s\u00f3lo para quienes hemos tenido la suerte de nacer en un lugar con posibilidades.Para todas las personas. Y esto pasa, s\u00ed o s\u00ed, por que algunos vivamos con menos para que otras vivan con m\u00e1s. Repartir la riqueza, los cuidados y la faena.<\/p>\n<p>La ruralidad es otra propuesta de futuro. Vivimos en un territorio precioso, con much\u00edsima diversidad y posibilidades para unas vidas dignas en pueblos variopintos. Apuesto con pasi\u00f3n por la repoblaci\u00f3n de municipios que en las \u00faltimas d\u00e9cadas han perdido poblaci\u00f3n y que, en muchos casos, son un lugar estupendo para plantear proyectos de vidas dignas y felices.<\/p>\n<p>Los servicios p\u00fablicos son imprescindibles hacia una comunidad equitativa y con oportunidades. En este a\u00f1o de pandemia hemos refirmado que la salud es lo primero, que si no cuidamos la salud, es imposible plantearse nada m\u00e1s y la econom\u00eda seguir\u00e1 gripada. S\u00f3lo tendremos salud si todas las personas tenemos salud. Aquellos aplausos deben concretarse en mejor gesti\u00f3n y m\u00e1s recursos para la atenci\u00f3n primaria y la salud comunitaria, para la prevenci\u00f3n de enfermedades, la reducci\u00f3n de las listas de espera y la sanidad universal de calidad.<\/p>\n<p>La educaci\u00f3n es otro derecho elemental que debemos sacar de las manos de los avariciosos. La educaci\u00f3n p\u00fablica, accesible y de calidad nos dota de saberes y posibilidades de crecimiento humano y social. Tambi\u00e9n es un ascensor social para que cualquier ni\u00f1o o ni\u00f1a pueda aspirar a aportar todo lo que lleva dentro y es capaz de aprender y aportar a la comunidad.<\/p>\n<p>Menci\u00f3n aparte para los servicios sociales y el cuarto pilar del estado del bienestar, que para las pr\u00f3ximas oleadas sind\u00e9micas ser\u00e1n cruciales. Especialmente, debemos impulsar un nuevo modelo de atenci\u00f3n a las personas mayores, enfermas y m\u00e1s dependientes, que deje atr\u00e1s el actual sistema de residencias.<\/p>\n<p>Sobre el trabajo productivo hay mucho que reflexionar, empezando por qu\u00e9 necesidades tenemos y c\u00f3mo emplearnos para satisfacerlas. Si esas necesidades nos las marcan grandes empresas transnacionales, mal vamos. Definamos en qu\u00e9 queremos trabajar. Y, a partir de ah\u00ed, garanticemos condiciones de trabajo dignas, derechos laborales y reparto de la riqueza. Esto va a requerir no dejar por m\u00e1s tiempo el trabajo reproductivo y de cuidados fuera de estas reivindicaciones.<\/p>\n<p>Todas las personas necesitan un m\u00ednimo para vivir, una renta universal garantizada. Pero nos encontramos con una mara\u00f1a especuladora que hay que deshacer, con el nudo capitalista de la vivienda. Echemos esfuerzo por el derecho a una vivienda digna, hacia alquileres asequibles, viviendas sociales y casas cooperativas. Para la justicia social, necesitamos alternativas al capitalismo. Hemos avanzado mucho en el \u00e1mbito de la econom\u00eda solidaria, espacios de comunicaci\u00f3n alternativos, centros sociales, proyectos autogestionados en los que llevamos tiempo experimentando y demostrando que se puede vivir con otros valores y mejor. Avancemos con pasi\u00f3n en la agroecolog\u00eda, alimentaci\u00f3n sana, comercio de proximidad, energ\u00edas renovables distribuidas, autoconsumo, movilidad sostenible, cultura popular, nueva cultura del agua y un largo etc\u00e9tera.<\/p>\n<p>Hace 120 a\u00f1os Joaqu\u00edn Costa propon\u00eda 12 principios concretos, que hoy recupero porque, salvando las distancias, es buena s\u00edntesis: 1) Reorganizaci\u00f3n de servicios p\u00fablicos y supresi\u00f3n de empleos in\u00fatiles. 2) Reforma de la educaci\u00f3n mediante una pedagog\u00eda moderna y la elevaci\u00f3n social de los maestros. 3) Mejor accesibilidad de los alimentos y creaci\u00f3n de cajas rurales. 4) Mejora de caminos carreteros baratos. 5) Reparto de tierras para quienes las trabajan, con expropiaciones forzosas. 6) Seguros sociales y ayudas para el retiro, la viudedad o la orfandad, as\u00ed como inspecci\u00f3n de trabajo para la seguridad en las f\u00e1bricas. 7) Vuelta al oro y saneamiento de la moneda. 8) Nuevo poder judicial y simplificaci\u00f3n de procesos. 9) Democracia directa desde la municipalizaci\u00f3n de servicios p\u00fablicos y supresi\u00f3n de las Diputaciones Provinciales. 10) R\u00e9gimen europeo de libertad para evitar caciquismos. 11) Todas estas medidas a la vez, por decretos sumar\u00edsimos. 12) Renovaci\u00f3n de todo el personal gobernante de los \u00faltimos 28 a\u00f1os. \u00bfA qu\u00e9 no suenan tan viejunas estas sugerencias?<\/p>\n<p><strong>La diversidad nos enriquece<\/strong><br \/>\n\u00bfSomos pocos? \u00a1Somos suficientes! \u00bfEstamos derrotados? \u00a1Tenemos rasmia y genio! \u00bfSe nos queda grande semejante prop\u00f3sito? \u00a1Tenemos voluntad, experiencias y capacidades! Necesitamos confiar en nosotros mismos.<\/p>\n<p>Toni Morrison, afroamericana que gan\u00f3 el Nobel de literatura, dec\u00eda: \u201cSi hay un libro que te gustar\u00eda leer y no est\u00e1 escrito, si\u00e9ntate y escr\u00edbelo t\u00fa\u201d. Yo creo que la herramienta pol\u00edtica y social que necesitamos no existe hoy en d\u00eda, por lo que nos toca crearla.<\/p>\n<p>Propongo que cuidemos los medios, una metodolog\u00eda hacia un espacio amplio de participaci\u00f3n. Si algo hemos aprendido en experiencias como el 15M, Zaragoza en Com\u00fan o Podemos es que cuando nos abrazamos en lo que nos une y gestionamos mejor las diferencias, ganamos. He sufrido la falta de m\u00e9todos compartidos y aceptados, que nos permitan articular alianzas amplias, alejarnos del sectarismo, salir de las zonas de confort y de la autocomplacencia y caminar (con ilusi\u00f3n y alegr\u00eda) hacia la suma de diversidades. Como en 2014, precisamos de un grupo potente, experimentado y diverso de personas que empujen. Me consta que ya hay gente d\u00e1ndole al tarro a esto.<\/p>\n<p><strong>Piensa global, act\u00faa local<\/strong><br \/>\nEn nuestros barrios y pueblos empiezan las luchas cotidianas. Los espacios comunitarios nos muestran el poder transformador que tienen. Se trata de hacer pol\u00edtica con mucha gente. \u00bfQui\u00e9nes tienen ganas de implicarse en este proceso? Debemos identificar a todas esas personas que hoy no est\u00e1n presentes en las organizaciones pol\u00edticas. Hay m\u00e1s fuera que dentro. No perdamos tiempo, escuchemos y charremos con fraternidad y \u00e1nimo constructivo. Podemos convocarnos en formatos adecuados para organizar c\u00f3mo mejorar nuestro d\u00eda a d\u00eda.<\/p>\n<p><strong>Frente a la oligarqu\u00eda y el caciquismo, democracia real ya<\/strong><br \/>\n\u201cAll\u00ed vive y reina la soberbia con sus aliados: la estimaci\u00f3n propia, el desprecio ajeno, el querer mandar y no servir a nadie, el lucir, el alabarse, el hablar mucho, alto y hueco, el br\u00edo con presunci\u00f3n. Y todo eso desde el noble al m\u00e1s plebeyo\u201d, escribi\u00f3 Baltasar Graci\u00e1n.<\/p>\n<p>La realidad aragonesa nos muestra que la participaci\u00f3n y el compromiso social no brilla mucho. A nuestro alrededor hay demasiado pasotismo, mediocridad y privilegios. Durante muchos a\u00f1os se ha fomentado un individualismo y una atomizaci\u00f3n de las vidas que han ido en direcci\u00f3n contraria de la involucraci\u00f3n de las personas en proyectos colectivos. As\u00ed, unas pocas personas han acumulado muchas posesiones, riquezas y poder pol\u00edtico para manejar el cotarro. No va a ser f\u00e1cil arrebatarles privilegios.<\/p>\n<p><strong>La mejor propaganda son los hechos<\/strong><br \/>\nDestaquemos desde ya en ejemplaridad. Nuestra sociedad necesita referentes positivos, personas que generen confianza y optimismo por su honesta labor en el trabajo o en sus actos cotidianos. Ah\u00ed creo que podemos ser la diferencia, en muchos \u00e1mbitos de la vida.<\/p>\n<p>\u00abNo se puede pasar un solo d\u00eda sin tener un impacto en el mundo que nos rodea. Lo que hacemos marca la diferencia, y tenemos que decidir qu\u00e9 tipo de diferencia queremos hacer\u00bb, en palabras de la primat\u00f3loga Jane Goodall.<\/p>\n<p><strong>Autocr\u00edtica para no repetir errores<\/strong><br \/>\nDejemos atr\u00e1s hiperliderazgos. Est\u00e1 bien que haya referentes positivos y carism\u00e1ticos, gente que comunica bien y puede enaltecer a mucha gente. Eso es importante. Pero no se puede caer en la personificaci\u00f3n del movimiento y, mucho menos, en el culto al l\u00edder. Una cosa es una campa\u00f1a electoral de 15 d\u00edas y otra es el d\u00eda a d\u00eda. Necesitamos que haya mucha gente implicada y a gusto, cada una en su espacio, sabedora de lo que puede aportar al grupo y d\u00f3nde es m\u00e1s \u00fatil, por sus conocimientos, ganas y experiencias. Cada vez que se a\u00fapa a unas pocas personas, se expulsa a muchas m\u00e1s. Y eso es ir directos a la derrota.<\/p>\n<p>Huyamos de c\u00fapulas y grup\u00fasculos que buscan controlar nuestras organizaciones. No nos encorsetemos en el af\u00e1n controlador de partidos y colectivos que tratan de dirigir el movimiento social. Esto es muy viejo y no podemos parecernos a los partidos que criticamos. Frenemos el af\u00e1n que tienen algunos de manipular los espacios amplios. Lo vimos en el 15M, lo hemos visto en Zaragoza en Com\u00fan, en Podemos, y esas personas volver\u00e1n a aparecer y a intentar manejar. Hagamos una democracia mejor, empezando por nosotros mismos, con reglas del juego que aglutinen y no expulsen.<\/p>\n<p><strong>Saltemos los charcos a los que nos empujan los adversarios<\/strong><br \/>\n\u201cEl ruido de las carcajadas pasa, la fuerza de los razonamientos queda\u201d, dec\u00eda Concepci\u00f3n Arenal. Tenemos razones de sobra para seducir, convencer y sumar gente. Pero si caemos en los barros que promueven los medios del poder, mal vamos. Centr\u00e9monos en lo m\u00e1s importante, en ese \u201cpan, trabajo y techo\u201d que necesita cualquier familia. Que nuestros principales esfuerzos compartidos sean hacia esas conquistas populares y no para responder a las continuas pol\u00e9micas que nos imponen las \u00e9lites.<\/p>\n<p><strong>Tensemos las riendas para llegar lejos<\/strong><br \/>\nNos urgen los cambios porque el planeta no da m\u00e1s de s\u00ed y frente a las injusticias no vale esperar. Pero \u201clo nuevo tarda en hacerse y lo viejo tarda muchos a\u00f1os en morir\u201d. Serenidad y constancia, que no se nos desboquen los caballos, mantengamos las riendas tensas y avancemos con pasos decididos, midiendo bien los momentos para cada propuesta y objetivo concreto.<\/p>\n<p><strong>Ep\u00edlogo<\/strong><br \/>\nEspero que esta aportaci\u00f3n sirva y motive. Contad conmigo, con mi trabajo e implicaci\u00f3n en las luchas cotidianas y hacia la construcci\u00f3n de espacios amplios, pol\u00edticos y sociales. Hoy, marzo de 2021, estoy esforz\u00e1ndome en mejorar la recogida de la fruta, que los fondos p\u00fablicos para la recuperaci\u00f3n vayan a las familias y proyectos que m\u00e1s los necesitan y hacia la transici\u00f3n ecol\u00f3gica, urgente y necesaria. Abrazos. \u00a1Salud, amor y rebeld\u00eda!<\/p>\n<p><strong>Algunos enlaces para seguir leyendo:<\/strong><\/p>\n<p><strong>15M: se hace camino al andar<\/strong><br \/>\n<a href=\"https:\/\/nachoescartin.es\/an\/15m-se-hace-camino-al-andar\/\">https:\/\/nachoescartin.es\/15m-se-hace-camino-al-andar\/<\/a><\/p>\n<p><strong>15M: de las plazas a los balcones<\/strong><br \/>\n<a href=\"https:\/\/arainfo.org\/15m-de-las-plazas-a-los-balcones\/\" target=\"_blank\" rel=\"noopener\">https:\/\/arainfo.org\/15m-de-las-plazas-a-los-balcones\/<\/a><\/p>\n<p><strong>Votar o no votar: esa no es la cuesti\u00f3n<\/strong><br \/>\n<a href=\"https:\/\/arainfo.org\/votar-o-no-votar-esa-no-es-la-cuestion\/\" target=\"_blank\" rel=\"noopener\">https:\/\/arainfo.org\/votar-o-no-votar-esa-no-es-la-cuestion\/<\/a><\/p>\n<p><strong>Resultados 2011: tejamos alternativas o contin\u00faa el sistema<\/strong><br \/>\n<a href=\"https:\/\/arainfo.org\/resultados-2011-tejemosde-alternativas-o-continua-el-sistema\/\" target=\"_blank\" rel=\"noopener\">https:\/\/arainfo.org\/resultados-2011-tejemosde-alternativas-o-continua-el-sistema\/<\/a><\/p>\n<p><strong>A un a\u00f1o del 15M hacia el 12M: reflexiones compartidas para seguir enredando<\/strong><br \/>\n<a href=\"https:\/\/arainfo.org\/a-un-ano-del-15m-hacia-el-12m-reflexiones-compartidas-para-seguir-enredando\/\" target=\"_blank\" rel=\"noopener\">https:\/\/arainfo.org\/a-un-ano-del-15m-hacia-el-12m-reflexiones-compartidas-para-seguir-enredando\/<\/a><\/p>\n<p><strong>Ganemos las de abajo: nos organizamos hacia la revoluci\u00f3n democr\u00e1tica<\/strong><br \/>\n<a href=\"https:\/\/arainfo.org\/ganemos-las-de-abajo-nos-organizamos-hacia-la-revolucion-democratica\/\" target=\"_blank\" rel=\"noopener\">https:\/\/arainfo.org\/ganemos-las-de-abajo-nos-organizamos-hacia-la-revolucion-democratica\/<\/a><\/p>\n<p>&nbsp;<\/p>","protected":false},"excerpt":{"rendered":"<p>\u00a1Hola! Andaba yo pensando qu\u00e9 aportar en este mayo de 2021, a 10 a\u00f1os de la indignaci\u00f3n de las plazas [&hellip;]<\/p>\n","protected":false},"author":1,"featured_media":1083,"comment_status":"open","ping_status":"closed","sticky":false,"template":"","format":"standard","meta":{"site-sidebar-layout":"default","site-content-layout":"","ast-site-content-layout":"default","site-content-style":"default","site-sidebar-style":"default","ast-global-header-display":"","ast-banner-title-visibility":"","ast-main-header-display":"","ast-hfb-above-header-display":"","ast-hfb-below-header-display":"","ast-hfb-mobile-header-display":"","site-post-title":"","ast-breadcrumbs-content":"","ast-featured-img":"","footer-sml-layout":"","ast-disable-related-posts":"","theme-transparent-header-meta":"","adv-header-id-meta":"","stick-header-meta":"","header-above-stick-meta":"","header-main-stick-meta":"","header-below-stick-meta":"","astra-migrate-meta-layouts":"default","ast-page-background-enabled":"default","ast-page-background-meta":{"desktop":{"background-color":"","background-image":"","background-repeat":"repeat","background-position":"center center","background-size":"auto","background-attachment":"scroll","background-type":"","background-media":"","overlay-type":"","overlay-color":"","overlay-opacity":"","overlay-gradient":""},"tablet":{"background-color":"","background-image":"","background-repeat":"repeat","background-position":"center center","background-size":"auto","background-attachment":"scroll","background-type":"","background-media":"","overlay-type":"","overlay-color":"","overlay-opacity":"","overlay-gradient":""},"mobile":{"background-color":"","background-image":"","background-repeat":"repeat","background-position":"center center","background-size":"auto","background-attachment":"scroll","background-type":"","background-media":"","overlay-type":"","overlay-color":"","overlay-opacity":"","overlay-gradient":""}},"ast-content-background-meta":{"desktop":{"background-color":"var(--ast-global-color-5)","background-image":"","background-repeat":"repeat","background-position":"center center","background-size":"auto","background-attachment":"scroll","background-type":"","background-media":"","overlay-type":"","overlay-color":"","overlay-opacity":"","overlay-gradient":""},"tablet":{"background-color":"var(--ast-global-color-5)","background-image":"","background-repeat":"repeat","background-position":"center center","background-size":"auto","background-attachment":"scroll","background-type":"","background-media":"","overlay-type":"","overlay-color":"","overlay-opacity":"","overlay-gradient":""},"mobile":{"background-color":"var(--ast-global-color-5)","background-image":"","background-repeat":"repeat","background-position":"center center","background-size":"auto","background-attachment":"scroll","background-type":"","background-media":"","overlay-type":"","overlay-color":"","overlay-opacity":"","overlay-gradient":""}},"_joinchat":[],"footnotes":""},"categories":[25,23],"tags":[452,383,28,453,182,129,130,49,86,454,284,38],"class_list":["post-1082","post","type-post","status-publish","format-standard","has-post-thumbnail","hentry","category-enredando","category-sembrando","tag-15m","tag-analisis","tag-aragon","tag-cambio","tag-democracia","tag-espana","tag-historia","tag-podemos","tag-politica","tag-reflexion","tag-revolucion","tag-zaragoza"],"_links":{"self":[{"href":"https:\/\/nachoescartin.es\/an\/wp-json\/wp\/v2\/posts\/1082","targetHints":{"allow":["GET"]}}],"collection":[{"href":"https:\/\/nachoescartin.es\/an\/wp-json\/wp\/v2\/posts"}],"about":[{"href":"https:\/\/nachoescartin.es\/an\/wp-json\/wp\/v2\/types\/post"}],"author":[{"embeddable":true,"href":"https:\/\/nachoescartin.es\/an\/wp-json\/wp\/v2\/users\/1"}],"replies":[{"embeddable":true,"href":"https:\/\/nachoescartin.es\/an\/wp-json\/wp\/v2\/comments?post=1082"}],"version-history":[{"count":0,"href":"https:\/\/nachoescartin.es\/an\/wp-json\/wp\/v2\/posts\/1082\/revisions"}],"wp:featuredmedia":[{"embeddable":true,"href":"https:\/\/nachoescartin.es\/an\/wp-json\/wp\/v2\/media\/1083"}],"wp:attachment":[{"href":"https:\/\/nachoescartin.es\/an\/wp-json\/wp\/v2\/media?parent=1082"}],"wp:term":[{"taxonomy":"category","embeddable":true,"href":"https:\/\/nachoescartin.es\/an\/wp-json\/wp\/v2\/categories?post=1082"},{"taxonomy":"post_tag","embeddable":true,"href":"https:\/\/nachoescartin.es\/an\/wp-json\/wp\/v2\/tags?post=1082"}],"curies":[{"name":"wp","href":"https:\/\/api.w.org\/{rel}","templated":true}]}}