{"id":104,"date":"2017-11-27T16:04:51","date_gmt":"2017-11-27T16:04:51","guid":{"rendered":"https:\/\/nachoescartin.wordpress.com\/?p=104"},"modified":"2017-11-27T16:04:51","modified_gmt":"2017-11-27T16:04:51","slug":"cuando-en-el-15m-nos-echamos-a-la-calle-ya-caian-risas-con-oregon-tv","status":"publish","type":"post","link":"https:\/\/nachoescartin.es\/an\/cuando-en-el-15m-nos-echamos-a-la-calle-ya-caian-risas-con-oregon-tv\/","title":{"rendered":"Cuando en el 15M nos echamos a la calle&#8230;ya ca\u00edan risas con Oreg\u00f3n TV"},"content":{"rendered":"<p>(para entender esto, tienes que ver el v\u00eddeo jeje).<\/p>\n<p>En Arag\u00f3n la despoblaci\u00f3n es un problem\u00f3n. No hay duda. Y qu\u00e9 mejor que abordarlo con humor, como el que cada s\u00e1bado nos muestra la buena chen de Oreg\u00f3nTV.<\/p>\n<p>En 2 meses ya he constatado que ejercer de Secretario General de Podemos Arag\u00f3n es un marr\u00f3n considerable. Y salir en Oreg\u00f3nTV, una recompensa que me honra y me hace muy afortunado, como mega fan que soy del programa y sus secciones: Jos\u00e9 Miguel y ET, la familia G\u00e1lvez, el Comando Almog\u00e1var, las canciones\u2026 y tantos otros \u00absketches\u00bb.<\/p>\n<p>Alfonso Palomares, eres un actorazo y\u2026 \u00a1me has calado, p\u00e1jaro! Muchas gracias por la caricatura, con la que nos hemos re\u00eddo mucho, como baturros absurdos, nobles y surrealistas que somos. Gracias a Felix Zapatero Vicente, Marisol Aznar, Jorge As\u00edn, Pepe Tricas, Laura G\u00f3mez-Lacueva, Luis Rabanaque, Francisco Fraguas, David Angulo Loscos\u2026. y a todo el equipo de Oreg\u00f3nTV \u00a1Sois unos cracks!<\/p>\n<p>Os invito a ver el programa completo todos los s\u00e1bados por la noche en Arag\u00f3nTV o en su canal de Youtube: https:\/\/www.youtube.com\/user\/lobomedia.<\/p>\n<p>Y ahora, \u00a1al turr\u00f3n! Patricia Luquin, casarnos para repoblar Arag\u00f3n como que no, pero\u2026 \u00a1algo tendremos que hacer \u201cMientras tanto, en el Gobierno de Arag\u00f3n\u201d, jeje. Prep\u00e1rense, oregoneses, que.. \u00a1veremos si superamos a nuestros personajes en la vida real!<\/p>","protected":false},"excerpt":{"rendered":"<p>(para entender esto, tienes que ver el v\u00eddeo jeje). En Arag\u00f3n la despoblaci\u00f3n es un problem\u00f3n. No hay duda. Y [&hellip;]<\/p>\n","protected":false},"author":1,"featured_media":0,"comment_status":"open","ping_status":"closed","sticky":false,"template":"","format":"standard","meta":{"site-sidebar-layout":"default","site-content-layout":"","ast-site-content-layout":"default","site-content-style":"default","site-sidebar-style":"default","ast-global-header-display":"","ast-banner-title-visibility":"","ast-main-header-display":"","ast-hfb-above-header-display":"","ast-hfb-below-header-display":"","ast-hfb-mobile-header-display":"","site-post-title":"","ast-breadcrumbs-content":"","ast-featured-img":"","footer-sml-layout":"","ast-disable-related-posts":"","theme-transparent-header-meta":"","adv-header-id-meta":"","stick-header-meta":"","header-above-stick-meta":"","header-main-stick-meta":"","header-below-stick-meta":"","astra-migrate-meta-layouts":"default","ast-page-background-enabled":"default","ast-page-background-meta":{"desktop":{"background-color":"","background-image":"","background-repeat":"repeat","background-position":"center center","background-size":"auto","background-attachment":"scroll","background-type":"","background-media":"","overlay-type":"","overlay-color":"","overlay-opacity":"","overlay-gradient":""},"tablet":{"background-color":"","background-image":"","background-repeat":"repeat","background-position":"center center","background-size":"auto","background-attachment":"scroll","background-type":"","background-media":"","overlay-type":"","overlay-color":"","overlay-opacity":"","overlay-gradient":""},"mobile":{"background-color":"","background-image":"","background-repeat":"repeat","background-position":"center center","background-size":"auto","background-attachment":"scroll","background-type":"","background-media":"","overlay-type":"","overlay-color":"","overlay-opacity":"","overlay-gradient":""}},"ast-content-background-meta":{"desktop":{"background-color":"var(--ast-global-color-5)","background-image":"","background-repeat":"repeat","background-position":"center center","background-size":"auto","background-attachment":"scroll","background-type":"","background-media":"","overlay-type":"","overlay-color":"","overlay-opacity":"","overlay-gradient":""},"tablet":{"background-color":"var(--ast-global-color-5)","background-image":"","background-repeat":"repeat","background-position":"center center","background-size":"auto","background-attachment":"scroll","background-type":"","background-media":"","overlay-type":"","overlay-color":"","overlay-opacity":"","overlay-gradient":""},"mobile":{"background-color":"var(--ast-global-color-5)","background-image":"","background-repeat":"repeat","background-position":"center center","background-size":"auto","background-attachment":"scroll","background-type":"","background-media":"","overlay-type":"","overlay-color":"","overlay-opacity":"","overlay-gradient":""}},"_joinchat":[],"footnotes":""},"categories":[26,23],"tags":[],"class_list":["post-104","post","type-post","status-publish","format-standard","hentry","category-cultivando","category-sembrando"],"_links":{"self":[{"href":"https:\/\/nachoescartin.es\/an\/wp-json\/wp\/v2\/posts\/104","targetHints":{"allow":["GET"]}}],"collection":[{"href":"https:\/\/nachoescartin.es\/an\/wp-json\/wp\/v2\/posts"}],"about":[{"href":"https:\/\/nachoescartin.es\/an\/wp-json\/wp\/v2\/types\/post"}],"author":[{"embeddable":true,"href":"https:\/\/nachoescartin.es\/an\/wp-json\/wp\/v2\/users\/1"}],"replies":[{"embeddable":true,"href":"https:\/\/nachoescartin.es\/an\/wp-json\/wp\/v2\/comments?post=104"}],"version-history":[{"count":0,"href":"https:\/\/nachoescartin.es\/an\/wp-json\/wp\/v2\/posts\/104\/revisions"}],"wp:attachment":[{"href":"https:\/\/nachoescartin.es\/an\/wp-json\/wp\/v2\/media?parent=104"}],"wp:term":[{"taxonomy":"category","embeddable":true,"href":"https:\/\/nachoescartin.es\/an\/wp-json\/wp\/v2\/categories?post=104"},{"taxonomy":"post_tag","embeddable":true,"href":"https:\/\/nachoescartin.es\/an\/wp-json\/wp\/v2\/tags?post=104"}],"curies":[{"name":"wp","href":"https:\/\/api.w.org\/{rel}","templated":true}]}}