{"id":1025,"date":"2021-03-27T12:23:51","date_gmt":"2021-03-27T12:23:51","guid":{"rendered":"http:\/\/nachoescartin.es\/?p=1025"},"modified":"2021-03-27T12:23:51","modified_gmt":"2021-03-27T12:23:51","slug":"historia-de-una-vida-de-carmen-lafuente-garcia","status":"publish","type":"post","link":"https:\/\/nachoescartin.es\/an\/historia-de-una-vida-de-carmen-lafuente-garcia\/","title":{"rendered":"\u201cHistoria de una vida\u201d de Carmen Lafuente Garc\u00eda"},"content":{"rendered":"<p>Conoc\u00ed a Carmen hace unos 10 a\u00f1os. Carmen formaba parte del grupo de personas que hac\u00edan \u201cAntena dislocada\u201d en La enredadera de Radio Topo. Cada quince d\u00edas ven\u00edan al programa para un rato de radio libre con la Asociaci\u00f3n Stop Estigma, donde contaban sus puntos de vista , propuestas y creaciones art\u00edsticas entorno a las enfermedades mentales. Se trataba de huir de los topicazos y de los injustos titulares que machacan a las personas con diversos diagn\u00f3sticos.<\/p>\n<p>En plena pandemia Carmen decidi\u00f3 plasmar en un libro su vida y meses despu\u00e9s lo ha autoeditado. \u00a1550 p\u00e1ginas ni m\u00e1s ni menos! Como su t\u00edtulo indica, estamos ante su autobiograf\u00eda, contada de manera absolutamente sincera, sin eludir intimidades ni claroscuros, valoraciones subjetivas ni reflexiones variopintas. Es un libro absolutamente personal, en el que Carmen ha hecho un gran esfuerzo de memoria, para plasmar detalles, conversaciones y vivencias en sus m\u00e1s de 65 a\u00f1os de vida.<\/p>\n<p>Como podr\u00e9is imaginar, especialmente quienes conozc\u00e1is a Carmen, el libro es directo y est\u00e1 escrito con un lenguaje coloquial y accesible a todo tipo de personas. No se corta un pelo a la hora de definir como le sale todo tipo de personas y situaciones. Sin embargo no es un libro bruto ni rencoroso, en todo momento Carmen es respetuosa y sensible y, como todos en esta vida, asume sus errores y destaca sus virtudes.<\/p>\n<p>Me ha gustado, especialmente, la \u00e9poca m\u00e1s lejana, la que yo no conoc\u00ed por ser de otra generaci\u00f3n, en la que describe c\u00f3mo era la vida en su peque\u00f1o pueblo de Soria, Quintanilla de Tres Barrios, y c\u00f3mo viv\u00eda en aquellos a\u00f1os una familia numerosa y humilde en Zaragoza. Impacta c\u00f3mo en tan pocos a\u00f1os, apenas 50, la sociedad ha cambiado tanto. A veces no somos conscientes de c\u00f3mo evolucionan los hogares, las costumbres, las relaciones, los trabajos y el ocio. Y este libro es un buen ejemplo de la evoluci\u00f3n, desde una infancia rural a una juventud de barrio, de excursiones y juegos.<\/p>\n<p>La vida laboral de Carmen es una parte importante del libro, por su car\u00e1cter laborioso, reivindicativo y contestatario, con denuncias continuas de los maltratos en empleos en una f\u00e1brica de pollos, talleres de costura y hospitales zaragozanos, y su dispar relaci\u00f3n con much\u00edsimas compa\u00f1eras de trabajo.<\/p>\n<p>En su relaci\u00f3n con las personas, como no puede ser de otra forma en una persona extrovertida y abierta, Carmen se afana en contarnos sus amistades y amor\u00edos, sin esconder sus relaciones sexuales, sus desencuentros y sus reencuentros. La relaci\u00f3n con su padre y su madre, as\u00ed como con sus hermanas y m\u00e1s adelante sus cu\u00f1ados y sobrinos, atraviesa toda su historia, con los azares propios de la vida: complicidades, apoyo mutuo, desenga\u00f1os, incomunicaci\u00f3n, apego, cuidados, enfermedades, muertes\u2026 Carmen utiliza algunos nombres inventados para preservar la intimidad de sus amigos, si bien, como sugerencia para futuras ediciones, propondr\u00eda que use nombres m\u00e1s diferenciados y no s\u00f3lo comenzado por la letra \u201cA\u201d, ya que dificulta saber qui\u00e9n es qui\u00e9n, con el avance de las p\u00e1ginas. \u00a1Ah\u00ed queda mi cr\u00edtica constructiva!.<\/p>\n<p>No quiero desvelar m\u00e1s detalles, para animaros a su lectura. En el libro hay desde detenciones a estafas, intentos de suicidio y org\u00edas, por contaros lo m\u00e1s llamativo. Su enfermedad mental es una caracter\u00edstica m\u00e1s de su vida y creo que no la m\u00e1s determinante. Lo cual demuestra, como hac\u00edan en La enredadera, que hay que saber vivir m\u00e1s all\u00e1 de los diagn\u00f3sticos. Y Carmen lo ha hecho, lo hace y lo seguir\u00e1 haciendo, con sus dificultades, sus ilusiones, sus relaciones y sus luchas cotidianas. Pura vida.<\/p>\n<p>&nbsp;<\/p>\n<p>Os invito a contactar con la autora para solicitar la compra de un libro en: tenfonla@gmai.com<\/p>","protected":false},"excerpt":{"rendered":"<p>Conoc\u00ed a Carmen hace unos 10 a\u00f1os. Carmen formaba parte del grupo de personas que hac\u00edan \u201cAntena dislocada\u201d en La [&hellip;]<\/p>\n","protected":false},"author":1,"featured_media":1026,"comment_status":"open","ping_status":"closed","sticky":false,"template":"","format":"standard","meta":{"site-sidebar-layout":"default","site-content-layout":"","ast-site-content-layout":"default","site-content-style":"default","site-sidebar-style":"default","ast-global-header-display":"","ast-banner-title-visibility":"","ast-main-header-display":"","ast-hfb-above-header-display":"","ast-hfb-below-header-display":"","ast-hfb-mobile-header-display":"","site-post-title":"","ast-breadcrumbs-content":"","ast-featured-img":"","footer-sml-layout":"","ast-disable-related-posts":"","theme-transparent-header-meta":"","adv-header-id-meta":"","stick-header-meta":"","header-above-stick-meta":"","header-main-stick-meta":"","header-below-stick-meta":"","astra-migrate-meta-layouts":"default","ast-page-background-enabled":"default","ast-page-background-meta":{"desktop":{"background-color":"","background-image":"","background-repeat":"repeat","background-position":"center center","background-size":"auto","background-attachment":"scroll","background-type":"","background-media":"","overlay-type":"","overlay-color":"","overlay-opacity":"","overlay-gradient":""},"tablet":{"background-color":"","background-image":"","background-repeat":"repeat","background-position":"center center","background-size":"auto","background-attachment":"scroll","background-type":"","background-media":"","overlay-type":"","overlay-color":"","overlay-opacity":"","overlay-gradient":""},"mobile":{"background-color":"","background-image":"","background-repeat":"repeat","background-position":"center center","background-size":"auto","background-attachment":"scroll","background-type":"","background-media":"","overlay-type":"","overlay-color":"","overlay-opacity":"","overlay-gradient":""}},"ast-content-background-meta":{"desktop":{"background-color":"var(--ast-global-color-5)","background-image":"","background-repeat":"repeat","background-position":"center center","background-size":"auto","background-attachment":"scroll","background-type":"","background-media":"","overlay-type":"","overlay-color":"","overlay-opacity":"","overlay-gradient":""},"tablet":{"background-color":"var(--ast-global-color-5)","background-image":"","background-repeat":"repeat","background-position":"center center","background-size":"auto","background-attachment":"scroll","background-type":"","background-media":"","overlay-type":"","overlay-color":"","overlay-opacity":"","overlay-gradient":""},"mobile":{"background-color":"var(--ast-global-color-5)","background-image":"","background-repeat":"repeat","background-position":"center center","background-size":"auto","background-attachment":"scroll","background-type":"","background-media":"","overlay-type":"","overlay-color":"","overlay-opacity":"","overlay-gradient":""}},"_joinchat":[],"footnotes":""},"categories":[26],"tags":[401,251,172,130,133,272,402,38],"class_list":["post-1025","post","type-post","status-publish","format-standard","has-post-thumbnail","hentry","category-cultivando","tag-autobiografia","tag-enfermedad-mental","tag-familia","tag-historia","tag-libro","tag-sanidad-publica","tag-stop-estigma","tag-zaragoza"],"_links":{"self":[{"href":"https:\/\/nachoescartin.es\/an\/wp-json\/wp\/v2\/posts\/1025","targetHints":{"allow":["GET"]}}],"collection":[{"href":"https:\/\/nachoescartin.es\/an\/wp-json\/wp\/v2\/posts"}],"about":[{"href":"https:\/\/nachoescartin.es\/an\/wp-json\/wp\/v2\/types\/post"}],"author":[{"embeddable":true,"href":"https:\/\/nachoescartin.es\/an\/wp-json\/wp\/v2\/users\/1"}],"replies":[{"embeddable":true,"href":"https:\/\/nachoescartin.es\/an\/wp-json\/wp\/v2\/comments?post=1025"}],"version-history":[{"count":0,"href":"https:\/\/nachoescartin.es\/an\/wp-json\/wp\/v2\/posts\/1025\/revisions"}],"wp:featuredmedia":[{"embeddable":true,"href":"https:\/\/nachoescartin.es\/an\/wp-json\/wp\/v2\/media\/1026"}],"wp:attachment":[{"href":"https:\/\/nachoescartin.es\/an\/wp-json\/wp\/v2\/media?parent=1025"}],"wp:term":[{"taxonomy":"category","embeddable":true,"href":"https:\/\/nachoescartin.es\/an\/wp-json\/wp\/v2\/categories?post=1025"},{"taxonomy":"post_tag","embeddable":true,"href":"https:\/\/nachoescartin.es\/an\/wp-json\/wp\/v2\/tags?post=1025"}],"curies":[{"name":"wp","href":"https:\/\/api.w.org\/{rel}","templated":true}]}}