{"id":1018,"date":"2021-03-11T09:18:34","date_gmt":"2021-03-11T09:18:34","guid":{"rendered":"http:\/\/nachoescartin.es\/?p=1018"},"modified":"2021-03-11T09:18:34","modified_gmt":"2021-03-11T09:18:34","slug":"vox-trabaja-poco-e-intenta-bloquea-mucho","status":"publish","type":"post","link":"https:\/\/nachoescartin.es\/an\/vox-trabaja-poco-e-intenta-bloquea-mucho\/","title":{"rendered":"Vox trabaja poco e intenta bloquear mucho"},"content":{"rendered":"<p>Muchas veces en el Parlamento aragon\u00e9s, en la casa de todos los aragoneses, he dicho \u201c<strong>Aporten o aparten<\/strong>\u201d. Con la que est\u00e1 cayendo, no estamos como para debates est\u00e9riles, peleas partidistas y ruido pueril. Todas las personas con cierto poder y representaci\u00f3n p\u00fablica deber\u00edamos esmerarnos en el servicio p\u00fablico y en el trabajo por el bien com\u00fan para encontrar soluciones que resuelvan la compleja situaci\u00f3n sanitaria, social, econ\u00f3mica y ambiental que estamos sufriendo.<\/p>\n<p>En las Cortes de Arag\u00f3n disponemos de herramientas parlamentarias para el control y el impulso al Gobierno de Arag\u00f3n. En este sentido, la pandemia ha supuesto un esfuerzo extraordinario en los \u00e1mbitos m\u00e1s importantes: Primero, la salud p\u00fablica y, tambi\u00e9n, la recuperaci\u00f3n social y econ\u00f3mica. Pero <strong>no todos nos implicamos igual<\/strong>. Hay un grupo que, aunque cobra sueldos y subvenciones de las Cortes de Arag\u00f3n, decidi\u00f3 no participar en la Estrategia para la Recuperaci\u00f3n Social y Econ\u00f3mica de Arag\u00f3n: Vox. Son los \u00fanicos que no trabajan, junto a IU, PAR, CHA, Podemos Equo, Ciudadanos, PP, PSOE, CEPYME, CEOE, CCOO, UGT y Federaci\u00f3n Aragonesa de Municipios, Comarcas y Provincias, en un cr\u00edtico y excepcional momento de nuestra historia en el que la gente nos pide acuerdos y unidad de acci\u00f3n.<\/p>\n<p>Como poder legislativo, las Cortes de Arag\u00f3n tienen una funci\u00f3n principal: la aprobaci\u00f3n de leyes, que garanticen m\u00e1s derechos, libertades y oportunidades a los aragoneses. En este sentido, a Vox les he afeado tambi\u00e9n en alguna ocasi\u00f3n su falta de trabajo en este \u00e1mbito. Y lo comparo con algo que conozco: nuestra propia labor pol\u00edtica en la legislatura anterior, cuando Podemos Arag\u00f3n \u00e9ramos oposici\u00f3n al Gobierno de Arag\u00f3n. En esos 4 a\u00f1os nos esforzamos para presentar proposiciones de ley muy importantes y tambi\u00e9n muchas aportaciones en forma de enmiendas a leyes propuestas por el ejecutivo. En muchos casos, nuestras propuestas fueron incluidas, fruto de un intenso trabajo de di\u00e1logo, negociaci\u00f3n y pacto, no s\u00f3lo con los grupos del Gobierno sino con todas las fuerzas pol\u00edticas representadas en el Parlamento. Recuerdo que la primera ley que trabajamos fue la Ley contra la pobreza energ\u00e9tica y tuve el honor de ser el coordinador de la ponencia. Durante m\u00e1s o menos un a\u00f1o, trabajamos para alcanzar un apoyo un\u00e1nime a la ley, que fue aprobada por todos en un Pleno de la primera parte de la legislatura. <strong>Vox en casi dos a\u00f1os en las Cortes de Arag\u00f3n no ha propuesto ni una ley. Cero<\/strong>.<\/p>\n<p>Otro espacio en el que Vox ha decidido no participar es la Ponencia \u201cPaz para el pueblo saharaui\u201d, que durante varias legislaturas es un espacio de debate en un asunto en el que tenemos mucha implicaci\u00f3n como sociedad aragonesa, con much\u00edsimas actividades de solidaridad, acogida de ni\u00f1os durante el verano y una ingente labor de asociaciones aragonesas junto al pueblo saharaui. Pues bien, Vox tampoco asiste a las sesiones de este espacio recogido dentro de la estructura org\u00e1nica y reglamentaria de las Cortes de Arag\u00f3n. Y os preguntar\u00e9is, \u00bfcobran lo mismo? \u00a1Claro, <strong>no vienen, pero su sueldo p\u00fablico s\u00ed se lo llevan<\/strong>!<\/p>\n<p>Una de las funciones principales de esta Ponencia es emitir declaraciones institucionales que se acordaban siempre por unanimidad, por todos (PSOE, PP, PAR, CHA, IU, Ciudadanos y Podemos). Pero en esta legislatura ya no. VOX veta sistem\u00e1ticamente la unanimidad y se opone a que podamos lanzar un mensaje n\u00edtido y conjunto a la sociedad en solidaridad con el pueblo saharaui, en estos momentos que m\u00e1s nos necesitan.<\/p>\n<p>Y aqu\u00ed ya llego al cogollo de mi aportaci\u00f3n: Las <strong>declaraciones institucionales<\/strong>. Son una herramienta parlamentaria m\u00e1s, que se especifica en el art\u00edculo 275 del Reglamento de las Cortes de Arag\u00f3n. A iniciativa de cualquier grupo parlamentario y por acuerdo un\u00e1nime, podemos proponer declaraciones sobre asuntos de inter\u00e9s general para la Comunidad Aut\u00f3noma de Arag\u00f3n. Y as\u00ed ha sido en todas y cada una de las legislaturas. En todas, menos en esta.<\/p>\n<p>Si repasamos el Bolet\u00edn Oficial, en la VIII Legislatura (de 2011 a 2015), cuando PODEMOS Arag\u00f3n no est\u00e1bamos, se aprobaron unas 10 declaraciones institucionales sobre temas tan variados como el D\u00eda Internacional de la mujer y contra la violencia machista, en apoyo al sector primario y las cooperativas, por el fin de ETA, por los derechos del ni\u00f1o, por la TCP o por el S\u00e1hara.<\/p>\n<p>En la IX Legislatura (de 2015 a 2019), ya con PODEMOS Arag\u00f3n, fueron unas 15 declaraciones que, como sab\u00e9is, leen al principio del Pleno el presidente o presidenta de las Cortes de Arag\u00f3n en representaci\u00f3n de todo el Parlamento. Hubo declaraciones sobre los bienes aragoneses, por el D\u00eda del Orgullo LGTBiq, por los 40 a\u00f1os de la Constituci\u00f3n Espa\u00f1ola, por los 20 a\u00f1os de la restauraci\u00f3n de la Aljafer\u00eda, por el D\u00eda Internacional de la lengua de signos y el d\u00eda del refugiado, las del D\u00eda de la mujer, las de paz para el pueblo saharaui e incluso una (para m\u00ed la excepci\u00f3n que confirma la regla) por el centenario del genocidio armenio.<\/p>\n<p>En todos los casos, mi experiencia es que un grupo, cualquier grupo, propone un texto al resto de Portavoces y durante unos d\u00edas decimos si estamos de acuerdo, tal cual, o debatimos para acordar la redacci\u00f3n final. Pocas veces se plantean Declaraciones que pierdan el sentido de vocaci\u00f3n de acuerdo amplio y, por tanto, de temas generales y asumidos por todos.<\/p>\n<p>Pocas veces\u2026 hasta esta X Legislatura en la que VOX est\u00e1 en las Cortes de Arag\u00f3n. Vox ha rechazado todas las propuestas de textos por el d\u00eda internacional de las mujeres, por el d\u00eda de la ni\u00f1a y la ciencia, contra las violencias machistas, en apoyo a la infancia y en solidaridad con el S\u00e1hara. Todas. Y en la mayor\u00eda de los casos, ni siquiera ha propuesto un texto alternativo o ha trabajado en b\u00fasqueda de los acuerdos. <strong>Es el no por el no<\/strong>. El veto. Y as\u00ed estamos. En todos los casos, hemos tenido que presentar estas propuestas en forma de Proposiciones No de Ley para su lectura conjunta por todos los dem\u00e1s grupos o para un debate en el Pleno. En todos los casos, han sido aprobadas con el S\u00ed de PSOE, PP, Ciudadanos, Podemos Equo, CHA, PAR e IU. La \u00faltima, nuestra propuesta a 7 por el d\u00eda internacional de la mujer, texto acordado entre estos 7 grupos, al margen de Vox.<\/p>\n<p>De mayo de 2019 a hoy, febrero de 2021, solo hemos aprobado 4 declaraciones institucionales, en solidaridad con las personas afectadas por la gota fr\u00eda, en apoyo a trabajadores de Alumalsa, por la jota y en el d\u00eda mundial del c\u00e1ncer.<\/p>\n<p>Sin embargo, Vox s\u00ed ha propuesto algunos textos que, en mi opini\u00f3n, van en su l\u00ednea de faltar al respeto al parlamentarismo y faltar al trabajo democr\u00e1tico que, con esmero, algunos ejercemos con honor y dignidad. Al igual que hace unos d\u00edas, en el Congreso de los Diputados propusieron una ley absurda, previa al 8M, que absolutamente todos los partidos rechazaron y aprovecharon para leer los nombres de todas las mujeres asesinadas por violencia machista en Espa\u00f1a, en las Cortes de Arag\u00f3n Vox no busca el acuerdo y tampoco se esfuerza por que salgan sus textos. Es una p\u00e9rdida de tiempo (y de dinero de todos), de cara a la galer\u00eda, como comprobar\u00e9is por los temas: Reyes Cat\u00f3licos, Joaqu\u00edn Costa, ataques a Vox (s\u00f3lo a Vox), D\u00eda de la Hispanidad (en su l\u00ednea) o su propuesta de convertir el 8M, d\u00eda internacional de la mujer, en otro d\u00eda por las v\u00edctimas del covid. En todos los casos, todos los grupos (sin excepci\u00f3n) les han afeado esto.<\/p>\n<p>He querido contar mi punto de vista en una parcela de nuestro trabajo pol\u00edtico en las Cortes de Arag\u00f3n con el \u00e1nimo de abrir la instituci\u00f3n con transparencia y, tambi\u00e9n, para <strong>desmontar la imagen falsa de \u201cla Espa\u00f1a que madruga\u201d<\/strong> que trata de vender Vox y que dista mucho de la realidad. El periodista Conrad Bl\u00e1squiz hace un buen repaso en eldiario.es del \u201cfarolillo rojo\u201d en las Cortes de Arag\u00f3n. Os invito a leer \u00abA\u00f1o y medio de Vox en las Cortes de Arag\u00f3n\u00a0 \u201c<a href=\"https:\/\/www.eldiario.es\/aragon\/politica\/ano-medio-vox-cortes-aragon-lunes-sol-dias_1_7275171.html\" target=\"_blank\" rel=\"noopener\"><strong>Los lunes al sol (y los dem\u00e1s d\u00edas tambi\u00e9n<\/strong><\/a>)\u201d, en el que relata las pol\u00e9micas impostadas que Diputados de Vox intentan generar en las Cortes de Arag\u00f3n, mostrando su falta de respeto al parlamentarismo y su gusto por vivir del cuento.<\/p>\n<p style=\"text-align: center;\"><em>(en la foto, los 3 sillones de los Diputados de VOX en un d\u00eda de trabajo, <\/em><em>el 15 de diciembre de 2020).\u00a0<\/em><\/p>\n<p>&nbsp;<\/p>","protected":false},"excerpt":{"rendered":"<p>Muchas veces en el Parlamento aragon\u00e9s, en la casa de todos los aragoneses, he dicho \u201cAporten o aparten\u201d. Con la [&hellip;]<\/p>\n","protected":false},"author":1,"featured_media":1019,"comment_status":"open","ping_status":"closed","sticky":false,"template":"","format":"standard","meta":{"site-sidebar-layout":"default","site-content-layout":"","ast-site-content-layout":"default","site-content-style":"default","site-sidebar-style":"default","ast-global-header-display":"","ast-banner-title-visibility":"","ast-main-header-display":"","ast-hfb-above-header-display":"","ast-hfb-below-header-display":"","ast-hfb-mobile-header-display":"","site-post-title":"","ast-breadcrumbs-content":"","ast-featured-img":"","footer-sml-layout":"","ast-disable-related-posts":"","theme-transparent-header-meta":"","adv-header-id-meta":"","stick-header-meta":"","header-above-stick-meta":"","header-main-stick-meta":"","header-below-stick-meta":"","astra-migrate-meta-layouts":"default","ast-page-background-enabled":"default","ast-page-background-meta":{"desktop":{"background-color":"","background-image":"","background-repeat":"repeat","background-position":"center center","background-size":"auto","background-attachment":"scroll","background-type":"","background-media":"","overlay-type":"","overlay-color":"","overlay-opacity":"","overlay-gradient":""},"tablet":{"background-color":"","background-image":"","background-repeat":"repeat","background-position":"center center","background-size":"auto","background-attachment":"scroll","background-type":"","background-media":"","overlay-type":"","overlay-color":"","overlay-opacity":"","overlay-gradient":""},"mobile":{"background-color":"","background-image":"","background-repeat":"repeat","background-position":"center center","background-size":"auto","background-attachment":"scroll","background-type":"","background-media":"","overlay-type":"","overlay-color":"","overlay-opacity":"","overlay-gradient":""}},"ast-content-background-meta":{"desktop":{"background-color":"var(--ast-global-color-5)","background-image":"","background-repeat":"repeat","background-position":"center center","background-size":"auto","background-attachment":"scroll","background-type":"","background-media":"","overlay-type":"","overlay-color":"","overlay-opacity":"","overlay-gradient":""},"tablet":{"background-color":"var(--ast-global-color-5)","background-image":"","background-repeat":"repeat","background-position":"center center","background-size":"auto","background-attachment":"scroll","background-type":"","background-media":"","overlay-type":"","overlay-color":"","overlay-opacity":"","overlay-gradient":""},"mobile":{"background-color":"var(--ast-global-color-5)","background-image":"","background-repeat":"repeat","background-position":"center center","background-size":"auto","background-attachment":"scroll","background-type":"","background-media":"","overlay-type":"","overlay-color":"","overlay-opacity":"","overlay-gradient":""}},"_joinchat":[],"footnotes":""},"categories":[24],"tags":[28,396,397,398,399,400,86,37,189,67],"class_list":["post-1018","post","type-post","status-publish","format-standard","has-post-thumbnail","hentry","category-desbrozando","tag-aragon","tag-cortes-de-aragon","tag-declaraciones-institucionales","tag-leyes","tag-parlamentarismo","tag-parlamento","tag-politica","tag-trabajo","tag-ultraderecha","tag-vox"],"_links":{"self":[{"href":"https:\/\/nachoescartin.es\/an\/wp-json\/wp\/v2\/posts\/1018","targetHints":{"allow":["GET"]}}],"collection":[{"href":"https:\/\/nachoescartin.es\/an\/wp-json\/wp\/v2\/posts"}],"about":[{"href":"https:\/\/nachoescartin.es\/an\/wp-json\/wp\/v2\/types\/post"}],"author":[{"embeddable":true,"href":"https:\/\/nachoescartin.es\/an\/wp-json\/wp\/v2\/users\/1"}],"replies":[{"embeddable":true,"href":"https:\/\/nachoescartin.es\/an\/wp-json\/wp\/v2\/comments?post=1018"}],"version-history":[{"count":0,"href":"https:\/\/nachoescartin.es\/an\/wp-json\/wp\/v2\/posts\/1018\/revisions"}],"wp:featuredmedia":[{"embeddable":true,"href":"https:\/\/nachoescartin.es\/an\/wp-json\/wp\/v2\/media\/1019"}],"wp:attachment":[{"href":"https:\/\/nachoescartin.es\/an\/wp-json\/wp\/v2\/media?parent=1018"}],"wp:term":[{"taxonomy":"category","embeddable":true,"href":"https:\/\/nachoescartin.es\/an\/wp-json\/wp\/v2\/categories?post=1018"},{"taxonomy":"post_tag","embeddable":true,"href":"https:\/\/nachoescartin.es\/an\/wp-json\/wp\/v2\/tags?post=1018"}],"curies":[{"name":"wp","href":"https:\/\/api.w.org\/{rel}","templated":true}]}}