{"id":1009,"date":"2021-02-27T18:10:21","date_gmt":"2021-02-27T18:10:21","guid":{"rendered":"http:\/\/nachoescartin.es\/?p=1009"},"modified":"2021-02-27T18:10:21","modified_gmt":"2021-02-27T18:10:21","slug":"ecoansias-de-irene-banos","status":"publish","type":"post","link":"https:\/\/nachoescartin.es\/an\/ecoansias-de-irene-banos\/","title":{"rendered":"\u201cEcoansias\u201d de Irene Ba\u00f1os"},"content":{"rendered":"<p>\u00bfQu\u00e9 similitudes hay entre la crisis del coronavirus y la climatol\u00f3gica y ecol\u00f3gica? \u201cAmbas requieren acci\u00f3n conjunta global; en ambos casos hemos ignorado las advertencias de los expertos; y ambas est\u00e1n estrechamente relacionadas con nuestro comportamiento extractivo y destructivo a lo largo del \u00faltimo siglo\u201d. Lo que las diferencia es que \u201cla crisis del coronavirus pasar\u00e1, la clim\u00e1tica, no\u201d.<\/p>\n<p>Irene Ba\u00f1os es periodista especializada en temas medioambientales y ha escrito este libro que \u201cno pretende ser un manual definitivo, sino un trampol\u00edn para intercambiar miedos e ilusiones; para aunar fuerzas en la traves\u00eda hacia la sostenibilidad\u201d.<\/p>\n<p>Intuyo que las ecoansias de Irene son comunes a muchas otras personas que comienzan a reflexionar sobre sus h\u00e1bitos cotidianos y, en ese sentido, considero que este libro puede ayudar a empatizar, a no sentirse s\u00f3lo y a aprender sobre algunas cuestiones que desarrolla. Para empezar, explica qu\u00e9 es el cambio clim\u00e1tico y, a partir de ah\u00ed, explica sus ecoansias sobre el consumo, los residuos y el reciclaje, la ropa y la moda, los pl\u00e1sticos, la comida y la agricultura, los m\u00f3viles, los aviones, los coches y otros medios de transporte, el agua, la energ\u00eda o la justicia social.<\/p>\n<p>Irene alterna sus propias reflexiones y vivencias con datos rigurosos sobre el momento planetario tan delicado que estamos viviendo, conscientes que son las decisiones colectivas que tomemos en estos a\u00f1os, y tambi\u00e9n con entrevistas. Hay conversaciones con periodistas, escritores personas expertas de Greenpeace, CERAI, Ecologistas en Acci\u00f3n, WWF, Carro de Combate, entre otras.<\/p>\n<p>Si algo queda claro en el libro es que \u201clos peque\u00f1os gestos individuales por si solos no cambiar\u00e1n el mundo, pero sin ellos tampoco se conseguir\u00e1 ning\u00fan cambio. Para conseguir las transformaciones estructurales en el \u00e1mbito pol\u00edtico y econ\u00f3mico, hacen falta miles de peque\u00f1as voces, miles de peque\u00f1os votos\u201d. Es decir, que conscientes de los humanos somos los principales causantes de la crisis clim\u00e1tica, hemos de actuar y organizarnos para enderezar la deriva.<\/p>","protected":false},"excerpt":{"rendered":"<p>\u00bfQu\u00e9 similitudes hay entre la crisis del coronavirus y la climatol\u00f3gica y ecol\u00f3gica? \u201cAmbas requieren acci\u00f3n conjunta global; en ambos [&hellip;]<\/p>\n","protected":false},"author":1,"featured_media":1010,"comment_status":"open","ping_status":"closed","sticky":false,"template":"","format":"standard","meta":{"site-sidebar-layout":"default","site-content-layout":"","ast-site-content-layout":"default","site-content-style":"default","site-sidebar-style":"default","ast-global-header-display":"","ast-banner-title-visibility":"","ast-main-header-display":"","ast-hfb-above-header-display":"","ast-hfb-below-header-display":"","ast-hfb-mobile-header-display":"","site-post-title":"","ast-breadcrumbs-content":"","ast-featured-img":"","footer-sml-layout":"","ast-disable-related-posts":"","theme-transparent-header-meta":"","adv-header-id-meta":"","stick-header-meta":"","header-above-stick-meta":"","header-main-stick-meta":"","header-below-stick-meta":"","astra-migrate-meta-layouts":"default","ast-page-background-enabled":"default","ast-page-background-meta":{"desktop":{"background-color":"","background-image":"","background-repeat":"repeat","background-position":"center center","background-size":"auto","background-attachment":"scroll","background-type":"","background-media":"","overlay-type":"","overlay-color":"","overlay-opacity":"","overlay-gradient":""},"tablet":{"background-color":"","background-image":"","background-repeat":"repeat","background-position":"center center","background-size":"auto","background-attachment":"scroll","background-type":"","background-media":"","overlay-type":"","overlay-color":"","overlay-opacity":"","overlay-gradient":""},"mobile":{"background-color":"","background-image":"","background-repeat":"repeat","background-position":"center center","background-size":"auto","background-attachment":"scroll","background-type":"","background-media":"","overlay-type":"","overlay-color":"","overlay-opacity":"","overlay-gradient":""}},"ast-content-background-meta":{"desktop":{"background-color":"var(--ast-global-color-5)","background-image":"","background-repeat":"repeat","background-position":"center center","background-size":"auto","background-attachment":"scroll","background-type":"","background-media":"","overlay-type":"","overlay-color":"","overlay-opacity":"","overlay-gradient":""},"tablet":{"background-color":"var(--ast-global-color-5)","background-image":"","background-repeat":"repeat","background-position":"center center","background-size":"auto","background-attachment":"scroll","background-type":"","background-media":"","overlay-type":"","overlay-color":"","overlay-opacity":"","overlay-gradient":""},"mobile":{"background-color":"var(--ast-global-color-5)","background-image":"","background-repeat":"repeat","background-position":"center center","background-size":"auto","background-attachment":"scroll","background-type":"","background-media":"","overlay-type":"","overlay-color":"","overlay-opacity":"","overlay-gradient":""}},"_joinchat":[],"footnotes":""},"categories":[26],"tags":[230,137,388,71,389,227,315,228,133,390,391,392],"class_list":["post-1009","post","type-post","status-publish","format-standard","has-post-thumbnail","hentry","category-cultivando","tag-agricultura","tag-agua","tag-alimentacion","tag-cambio-climatico","tag-consumo","tag-ecologia","tag-ecologismo-social","tag-energia","tag-libro","tag-plasticos","tag-reciclaje","tag-transporte"],"_links":{"self":[{"href":"https:\/\/nachoescartin.es\/an\/wp-json\/wp\/v2\/posts\/1009","targetHints":{"allow":["GET"]}}],"collection":[{"href":"https:\/\/nachoescartin.es\/an\/wp-json\/wp\/v2\/posts"}],"about":[{"href":"https:\/\/nachoescartin.es\/an\/wp-json\/wp\/v2\/types\/post"}],"author":[{"embeddable":true,"href":"https:\/\/nachoescartin.es\/an\/wp-json\/wp\/v2\/users\/1"}],"replies":[{"embeddable":true,"href":"https:\/\/nachoescartin.es\/an\/wp-json\/wp\/v2\/comments?post=1009"}],"version-history":[{"count":0,"href":"https:\/\/nachoescartin.es\/an\/wp-json\/wp\/v2\/posts\/1009\/revisions"}],"wp:featuredmedia":[{"embeddable":true,"href":"https:\/\/nachoescartin.es\/an\/wp-json\/wp\/v2\/media\/1010"}],"wp:attachment":[{"href":"https:\/\/nachoescartin.es\/an\/wp-json\/wp\/v2\/media?parent=1009"}],"wp:term":[{"taxonomy":"category","embeddable":true,"href":"https:\/\/nachoescartin.es\/an\/wp-json\/wp\/v2\/categories?post=1009"},{"taxonomy":"post_tag","embeddable":true,"href":"https:\/\/nachoescartin.es\/an\/wp-json\/wp\/v2\/tags?post=1009"}],"curies":[{"name":"wp","href":"https:\/\/api.w.org\/{rel}","templated":true}]}}